{"id":10,"date":"2009-06-12T17:03:36","date_gmt":"2009-06-12T15:03:36","guid":{"rendered":"http:\/\/www.omniro.de\/Gipfelbuch\/blog-jr\/?p=10"},"modified":"2009-06-16T09:27:25","modified_gmt":"2009-06-16T07:27:25","slug":"klettergarten-oberbessenbach-%e2%80%93-bessenbach","status":"publish","type":"post","link":"http:\/\/www.omniro.de\/Gipfelbuch\/blog-jr\/2009\/06\/klettergarten-oberbessenbach-%e2%80%93-bessenbach\/","title":{"rendered":"Klettergarten Oberbessenbach \u2013 Bessenbach"},"content":{"rendered":"<h3><span style=\"text-decoration: underline;\"><strong><a title=\"Felsinfo\" href=\"http:\/\/www.dav-felsinfo.de\/ajaxdav\/?3=16-08-002\" target=\"_blank\">Klettergarten Oberbessenbach \u2013 Bessenbach<\/a><\/strong><\/span><\/h3>\n<p>Schwer zu finden. Liegt voll im Wald unter gro\u00dfen B\u00e4umen.<br \/>\nIm Sommer sicher sch\u00f6n schattig. Nach Regen aber na\u00df und Matsch \u00fcberall.<br \/>\nRouten alle nicht \u00fcber 6 Meter, kaum M\u00f6glichkeit zu bouldern.<br \/>\nNicht sehr attraktiv (wenn man in der N\u00e4he wohnt sicher genial &#8211; f\u00fcr &gt;60km Anfahrt zu wenig zum klettern)<\/p>\n<p>Kleiner Waldweg links zum parken nutzen, sonst weite Wege<br \/>\n<img decoding=\"async\" src=\"http:\/\/www.omniro.de\/Gipfelbuch\/Bilder\/2009-06-12Klettergarten-Oberbessenbach2.jpg\" alt=\"\" \/><br \/>\n<img decoding=\"async\" src=\"http:\/\/www.omniro.de\/Gipfelbuch\/Bilder\/2009-06-12Klettergarten-Oberbessenbach1.jpg\" alt=\"\" \/><\/p>\n","protected":false},"excerpt":{"rendered":"<p>Klettergarten Oberbessenbach \u2013 Bessenbach Schwer zu finden. Liegt voll im Wald unter gro\u00dfen B\u00e4umen. Im Sommer sicher sch\u00f6n schattig. Nach Regen aber na\u00df und Matsch \u00fcberall. Routen alle nicht \u00fcber 6 Meter, kaum M\u00f6glichkeit zu bouldern. Nicht sehr attraktiv (wenn man in der N\u00e4he wohnt sicher genial &#8211; f\u00fcr &gt;60km Anfahrt zu wenig zum klettern) [&hellip;]<\/p>\n","protected":false},"author":1,"featured_media":0,"comment_status":"open","ping_status":"open","sticky":false,"template":"","format":"standard","meta":{"ngg_post_thumbnail":0,"jetpack_post_was_ever_published":false,"_jetpack_newsletter_access":"","jetpack_publicize_message":"","jetpack_is_tweetstorm":false,"jetpack_publicize_feature_enabled":true,"jetpack_social_post_already_shared":false,"jetpack_social_options":{"image_generator_settings":{"template":"highway","enabled":false}}},"categories":[3,8,7],"tags":[],"jetpack_publicize_connections":[],"jetpack_featured_media_url":"","jetpack_sharing_enabled":true,"jetpack_shortlink":"https:\/\/wp.me\/p34XEX-a","_links":{"self":[{"href":"http:\/\/www.omniro.de\/Gipfelbuch\/blog-jr\/wp-json\/wp\/v2\/posts\/10"}],"collection":[{"href":"http:\/\/www.omniro.de\/Gipfelbuch\/blog-jr\/wp-json\/wp\/v2\/posts"}],"about":[{"href":"http:\/\/www.omniro.de\/Gipfelbuch\/blog-jr\/wp-json\/wp\/v2\/types\/post"}],"author":[{"embeddable":true,"href":"http:\/\/www.omniro.de\/Gipfelbuch\/blog-jr\/wp-json\/wp\/v2\/users\/1"}],"replies":[{"embeddable":true,"href":"http:\/\/www.omniro.de\/Gipfelbuch\/blog-jr\/wp-json\/wp\/v2\/comments?post=10"}],"version-history":[{"count":10,"href":"http:\/\/www.omniro.de\/Gipfelbuch\/blog-jr\/wp-json\/wp\/v2\/posts\/10\/revisions"}],"predecessor-version":[{"id":97,"href":"http:\/\/www.omniro.de\/Gipfelbuch\/blog-jr\/wp-json\/wp\/v2\/posts\/10\/revisions\/97"}],"wp:attachment":[{"href":"http:\/\/www.omniro.de\/Gipfelbuch\/blog-jr\/wp-json\/wp\/v2\/media?parent=10"}],"wp:term":[{"taxonomy":"category","embeddable":true,"href":"http:\/\/www.omniro.de\/Gipfelbuch\/blog-jr\/wp-json\/wp\/v2\/categories?post=10"},{"taxonomy":"post_tag","embeddable":true,"href":"http:\/\/www.omniro.de\/Gipfelbuch\/blog-jr\/wp-json\/wp\/v2\/tags?post=10"}],"curies":[{"name":"wp","href":"https:\/\/api.w.org\/{rel}","templated":true}]}}