{"id":1130,"date":"2012-07-11T17:35:17","date_gmt":"2012-07-11T15:35:17","guid":{"rendered":"http:\/\/www.omniro.de\/Gipfelbuch\/blog-jr\/?p=1130"},"modified":"2012-07-30T14:16:17","modified_gmt":"2012-07-30T12:16:17","slug":"kroatien-paklenica-4-klettertag","status":"publish","type":"post","link":"http:\/\/www.omniro.de\/Gipfelbuch\/blog-jr\/2012\/07\/kroatien-paklenica-4-klettertag\/","title":{"rendered":"Kroatien &#8211; Paklenica, 4. Klettertag"},"content":{"rendered":"<p>Heute waren wir wieder mit ein paar Kindern unterwegs und im Sektor Zava sind f\u00fcr diese die besten Routen. Viel los ist eh nicht, aber im Zava ist eine Jugendgruppe. Und langsam werd ich n\u00e4rrisch, wenn ich so etwas sehe, aber ich lerne immer mehr \u00fcber Jugendgruppenleiten im Klettern: So viele Routen, wie nur m\u00f6glich, mit so wenig Seilen, wie vorhanden zu belegen. Und nach M\u00f6glichkeit niemanden anderen die Chance zu geben, dort zu klettern. Auch wenn ein Seil schon eine halbe Stunde nicht genutzt wird: \u201eDa kommt gleich jemand\u201c.\u00a0 Auf die Ansage: \u201eIch nehm euer Seil dann wieder mit hinauf und h\u00e4nge es ein\u201c, reagiert man so: Schnell irgendein M\u00e4dchen gerufen, die nun dort klettern soll. \u201eTut mir leid, die Route ist belegt\u201c.<\/p>\n<p>Aber damit nicht genug. Die Gruppe, vier Seilschaften, belegen sechs Routen. Und das mit nur 4 Seilen. Da wird am Umlenker von Route eins in den Umlenker der danebenliegenden Route eingeh\u00e4ngt. Und dann von Route eins die Nachsteiger in Route zwei und umgekehrt gesichert. So belegt man locker doppelt so viele Routen, wie man Seile hat. Lustig wird es, wenn man neben einer 4 eine 6+ belegt. Die steigt gar keiner hoch. Aber belegt ist sie trotzdem. Der Johannes k\u00f6nnte ja vielleicht doch mal versuchen\u2026<\/p>\n<p>Aber das ist noch gar nicht dreist genug. Eine andere Gruppe hat ein langes Seil und dann wird wie ein M gearbeitet. Man steigt mit dem ersten Ende des Seils in Route eins vor. Wenn man dann wieder unten ist klettert man mit dem zweiten Ende in Route zwei und h\u00e4lt die Seilmitte (an der gesichert wird) am Boden. Jetzt k\u00f6nnen rechts und links der Seilmitte zwei Sicherer die\u00a0 Routen sichern. Optimiert ist es, wenn man dann nur noch einen in der Mitte hat, der mit einem Doppeltupe beide Routen bedient. Gesehen habe ich das noch nicht, aber irgendein Jugendleiter kommt da sicher noch drauf.<\/p>\n<p>Der \u00d6sterreicher, der nun sein M\u00e4del hat klettern lassen, merkt, dass wir nicht nachgeben und da keiner mehr die Route klettern will, zieht er missmutig das Seil ab und macht so zwei Routen frei. Die Kroaten hinter uns freuen sich, wir und sie k\u00f6nnen mit unseren Kids klettern.<\/p>\n<p>Die \u00f6sterreichischen Kids rufen immer wieder launisch \u201eHier gibt\u2019s doch viele Routen, geht halt woanders hin.\u201c Und bewegen sich kein St\u00fcck vom Wandfu\u00df weg, oder r\u00e4umen ihre Taschen davon weg.<\/p>\n<p>Das allerbeste aber ist der Gruppenleiter, der jenseits der Sechzig, immer noch kein Wort gesagt hat.<br \/>\nEr hat keinen Klettergurt und sichert seine Jugendlichen mit einer zu einer Acht gedrehten Bandschlinge, in die er einsteigt und einen Karabiner einh\u00e4ngt.<\/p>\n<p>Echt ein tolles Klettervorbild!<\/p>\n<p>Aber nun zu den Routen:<\/p>\n<p>Mathias Sherpa ist dabei und ein neuer Kletterer, Sebastian vom Campingplatz.<\/p>\n<p>Svenja steigt Cuja ti si bog i batina 5a vor und macht ihre Sache sehr gut. Auch Mathias und Inga gehen die Route. Ich steige derweil die Onaj tamo! 5a und auch die klettern die beiden anschlie\u00dfend. Dann richte ich Svenja die Zima 5c+ ein und Svenja geht auch die locker durch, Mathias hinterher.<\/p>\n<p>Die Kanjon Special 6a, mit 31 Meter eine Herausforderung bei \u00fcber 30 Grad. Im unteren Bereich ein toller Riss mit vielen M\u00f6glichkeiten, unter dem Dach ein Fingerloch neben einer Exe, dann ein beherzter Griff an den linken Teil des \u00dcberhangs. Oberhalb ein paar sch\u00f6ne Leisten, geht der Weg nach rechts in einen breiten Riss, den man gut spreizen kann. Direkt geht es nach oben. Tolle Route!<\/p>\n<p>Bis alle durch sind dauert es eine Weile und so endet der Abend mit einer Spaghettiparty!<\/p>\n","protected":false},"excerpt":{"rendered":"<p>Heute waren wir wieder mit ein paar Kindern unterwegs und im Sektor Zava sind f\u00fcr diese die besten Routen. Viel los ist eh nicht, aber im Zava ist eine Jugendgruppe. Und langsam werd ich n\u00e4rrisch, wenn ich so etwas sehe, aber ich lerne immer mehr \u00fcber Jugendgruppenleiten im Klettern: So viele Routen, wie nur m\u00f6glich, [&hellip;]<\/p>\n","protected":false},"author":1,"featured_media":0,"comment_status":"open","ping_status":"open","sticky":false,"template":"","format":"standard","meta":{"ngg_post_thumbnail":0,"jetpack_post_was_ever_published":false,"_jetpack_newsletter_access":"","jetpack_publicize_message":"","jetpack_is_tweetstorm":false,"jetpack_publicize_feature_enabled":true,"jetpack_social_post_already_shared":false,"jetpack_social_options":{"image_generator_settings":{"template":"highway","enabled":false}}},"categories":[32,42,31,53,54],"tags":[],"jetpack_publicize_connections":[],"jetpack_featured_media_url":"","jetpack_sharing_enabled":true,"jetpack_shortlink":"https:\/\/wp.me\/p34XEX-ie","_links":{"self":[{"href":"http:\/\/www.omniro.de\/Gipfelbuch\/blog-jr\/wp-json\/wp\/v2\/posts\/1130"}],"collection":[{"href":"http:\/\/www.omniro.de\/Gipfelbuch\/blog-jr\/wp-json\/wp\/v2\/posts"}],"about":[{"href":"http:\/\/www.omniro.de\/Gipfelbuch\/blog-jr\/wp-json\/wp\/v2\/types\/post"}],"author":[{"embeddable":true,"href":"http:\/\/www.omniro.de\/Gipfelbuch\/blog-jr\/wp-json\/wp\/v2\/users\/1"}],"replies":[{"embeddable":true,"href":"http:\/\/www.omniro.de\/Gipfelbuch\/blog-jr\/wp-json\/wp\/v2\/comments?post=1130"}],"version-history":[{"count":2,"href":"http:\/\/www.omniro.de\/Gipfelbuch\/blog-jr\/wp-json\/wp\/v2\/posts\/1130\/revisions"}],"predecessor-version":[{"id":1186,"href":"http:\/\/www.omniro.de\/Gipfelbuch\/blog-jr\/wp-json\/wp\/v2\/posts\/1130\/revisions\/1186"}],"wp:attachment":[{"href":"http:\/\/www.omniro.de\/Gipfelbuch\/blog-jr\/wp-json\/wp\/v2\/media?parent=1130"}],"wp:term":[{"taxonomy":"category","embeddable":true,"href":"http:\/\/www.omniro.de\/Gipfelbuch\/blog-jr\/wp-json\/wp\/v2\/categories?post=1130"},{"taxonomy":"post_tag","embeddable":true,"href":"http:\/\/www.omniro.de\/Gipfelbuch\/blog-jr\/wp-json\/wp\/v2\/tags?post=1130"}],"curies":[{"name":"wp","href":"https:\/\/api.w.org\/{rel}","templated":true}]}}