{"id":186,"date":"2009-07-18T22:17:04","date_gmt":"2009-07-18T20:17:04","guid":{"rendered":"http:\/\/www.omniro.de\/Gipfelbuch\/blog-jr\/?p=186"},"modified":"2009-08-09T22:39:46","modified_gmt":"2009-08-09T20:39:46","slug":"paklenica-%e2%80%93-kroatien","status":"publish","type":"post","link":"http:\/\/www.omniro.de\/Gipfelbuch\/blog-jr\/2009\/07\/paklenica-%e2%80%93-kroatien\/","title":{"rendered":"Paklenica \u2013 Kroatien"},"content":{"rendered":"<p><a href=\"http:\/\/maps.google.de\/maps?ll=44.303345,15.47148&#038;z=16&#038;t=h&#038;hl=de\">Link zu Google Maps<\/a><br \/>\nKlettern im Naturschutzgebiet.<br \/>\nDirekt hinter dem Meer steigen die Berge auf und in einem besonders sch\u00f6nen Tal l\u00e4dt der Nationalpark Paklenica Kletterer ein. Hier hat man die Kletterer nicht als Bedrohung sondern als geldbringende Touristen erkannt. Dementsprechend gut ist die Absicherung. Auf f\u00fcr Alltagskletterer und Kinder finden sich Routen und alle zwei Meter meist einen Exenhaken.<\/p>\n<figure id=\"attachment_196\" aria-describedby=\"caption-attachment-196\" style=\"width: 500px\" class=\"wp-caption aligncenter\"><img data-attachment-id=\"196\" data-permalink=\"http:\/\/www.omniro.de\/Gipfelbuch\/blog-jr\/2009\/07\/paklenica-%e2%80%93-kroatien\/2009-07-19_12-28-03-klettern-paklenica-img_5428\/\" data-orig-file=\"http:\/\/www.omniro.de\/Gipfelbuch\/blog-jr\/wp-content\/uploads\/2009\/07\/2009-07-19_12-28-03-Klettern-Paklenica-IMG_5428.jpg\" data-orig-size=\"500,260\" data-comments-opened=\"1\" data-image-meta=\"{&quot;aperture&quot;:&quot;0&quot;,&quot;credit&quot;:&quot;&quot;,&quot;camera&quot;:&quot;&quot;,&quot;caption&quot;:&quot;&quot;,&quot;created_timestamp&quot;:&quot;0&quot;,&quot;copyright&quot;:&quot;www.foto.omniro.de&quot;,&quot;focal_length&quot;:&quot;0&quot;,&quot;iso&quot;:&quot;0&quot;,&quot;shutter_speed&quot;:&quot;0&quot;,&quot;title&quot;:&quot;&quot;}\" data-image-title=\"2009-07-19_12-28-03-Klettern Paklenica-IMG_5428\" data-image-description=\"\" data-image-caption=\"&lt;p&gt;PAKLENICA&lt;\/p&gt;\n\" data-medium-file=\"http:\/\/www.omniro.de\/Gipfelbuch\/blog-jr\/wp-content\/uploads\/2009\/07\/2009-07-19_12-28-03-Klettern-Paklenica-IMG_5428-300x156.jpg\" data-large-file=\"http:\/\/www.omniro.de\/Gipfelbuch\/blog-jr\/wp-content\/uploads\/2009\/07\/2009-07-19_12-28-03-Klettern-Paklenica-IMG_5428.jpg\" decoding=\"async\" loading=\"lazy\" src=\"http:\/\/www.omniro.de\/Gipfelbuch\/blog-jr\/wp-content\/uploads\/2009\/07\/2009-07-19_12-28-03-Klettern-Paklenica-IMG_5428.jpg\" alt=\"PAKLENICA\" title=\"2009-07-19_12-28-03-Klettern Paklenica-IMG_5428\" width=\"500\" height=\"260\" class=\"size-full wp-image-196\" srcset=\"http:\/\/www.omniro.de\/Gipfelbuch\/blog-jr\/wp-content\/uploads\/2009\/07\/2009-07-19_12-28-03-Klettern-Paklenica-IMG_5428.jpg 500w, http:\/\/www.omniro.de\/Gipfelbuch\/blog-jr\/wp-content\/uploads\/2009\/07\/2009-07-19_12-28-03-Klettern-Paklenica-IMG_5428-300x156.jpg 300w\" sizes=\"(max-width: 500px) 100vw, 500px\" \/><figcaption id=\"caption-attachment-196\" class=\"wp-caption-text\">PAKLENICA<\/figcaption><\/figure>\n<p>Nachmittags, an einem bew\u00f6lkten Julitag sind wir in das Tal gestiegen und unsere ersten Routen geklettert. Der Fels ist griffig, ab und an sieht man nur Reibefl\u00e4chen, da aber meist geneigt auch in unteren Schwierigkeiten problemlos zu klettern. Ab 6 gibt es deutlich mehr Routen zu klettern und dementsprechend umlagert sind die Routen um vier bis sechs.<\/p>\n<figure id=\"attachment_197\" aria-describedby=\"caption-attachment-197\" style=\"width: 333px\" class=\"wp-caption aligncenter\"><img data-attachment-id=\"197\" data-permalink=\"http:\/\/www.omniro.de\/Gipfelbuch\/blog-jr\/2009\/07\/paklenica-%e2%80%93-kroatien\/2009-07-18_16-19-30-kroatien-paklenica-img_5408-2\/\" data-orig-file=\"http:\/\/www.omniro.de\/Gipfelbuch\/blog-jr\/wp-content\/uploads\/2009\/07\/2009-07-18_16-19-30-Kroatien-Paklenica-IMG_54081.jpg\" data-orig-size=\"333,500\" data-comments-opened=\"1\" data-image-meta=\"{&quot;aperture&quot;:&quot;0&quot;,&quot;credit&quot;:&quot;&quot;,&quot;camera&quot;:&quot;&quot;,&quot;caption&quot;:&quot;&quot;,&quot;created_timestamp&quot;:&quot;0&quot;,&quot;copyright&quot;:&quot;www.foto.omniro.de&quot;,&quot;focal_length&quot;:&quot;0&quot;,&quot;iso&quot;:&quot;0&quot;,&quot;shutter_speed&quot;:&quot;0&quot;,&quot;title&quot;:&quot;&quot;}\" data-image-title=\"2009-07-18_16-19-30-Kroatien Paklenica-IMG_5408\" data-image-description=\"\" data-image-caption=\"&lt;p&gt;Paklenica Parkplatz&lt;\/p&gt;\n\" data-medium-file=\"http:\/\/www.omniro.de\/Gipfelbuch\/blog-jr\/wp-content\/uploads\/2009\/07\/2009-07-18_16-19-30-Kroatien-Paklenica-IMG_54081-199x300.jpg\" data-large-file=\"http:\/\/www.omniro.de\/Gipfelbuch\/blog-jr\/wp-content\/uploads\/2009\/07\/2009-07-18_16-19-30-Kroatien-Paklenica-IMG_54081.jpg\" decoding=\"async\" loading=\"lazy\" src=\"http:\/\/www.omniro.de\/Gipfelbuch\/blog-jr\/wp-content\/uploads\/2009\/07\/2009-07-18_16-19-30-Kroatien-Paklenica-IMG_54081.jpg\" alt=\"Paklenica Parkplatz\" title=\"2009-07-18_16-19-30-Kroatien Paklenica-IMG_5408\" width=\"333\" height=\"500\" class=\"size-full wp-image-197\" srcset=\"http:\/\/www.omniro.de\/Gipfelbuch\/blog-jr\/wp-content\/uploads\/2009\/07\/2009-07-18_16-19-30-Kroatien-Paklenica-IMG_54081.jpg 333w, http:\/\/www.omniro.de\/Gipfelbuch\/blog-jr\/wp-content\/uploads\/2009\/07\/2009-07-18_16-19-30-Kroatien-Paklenica-IMG_54081-199x300.jpg 199w\" sizes=\"(max-width: 333px) 100vw, 333px\" \/><figcaption id=\"caption-attachment-197\" class=\"wp-caption-text\">Paklenica Parkplatz<\/figcaption><\/figure>\n<p>Dabei ist manche 4+ deutlich schwieriger als eine 6. Die \u201eeinfache\u201c Neigung bringt ganz ungewohnte Schwierigkeiten mit sich so bekam ich das Knie an einer Route nicht hoch und holte mir ein ziemlich blutige Schramme am scharfen Fels.<\/p>\n<p><img data-attachment-id=\"198\" data-permalink=\"http:\/\/www.omniro.de\/Gipfelbuch\/blog-jr\/2009\/07\/paklenica-%e2%80%93-kroatien\/2009-07-18_18-05-38-kroatien-paklenica-img_5413\/\" data-orig-file=\"http:\/\/www.omniro.de\/Gipfelbuch\/blog-jr\/wp-content\/uploads\/2009\/07\/2009-07-18_18-05-38-Kroatien-Paklenica-IMG_5413.jpg\" data-orig-size=\"333,500\" data-comments-opened=\"1\" data-image-meta=\"{&quot;aperture&quot;:&quot;0&quot;,&quot;credit&quot;:&quot;&quot;,&quot;camera&quot;:&quot;&quot;,&quot;caption&quot;:&quot;&quot;,&quot;created_timestamp&quot;:&quot;0&quot;,&quot;copyright&quot;:&quot;www.foto.omniro.de&quot;,&quot;focal_length&quot;:&quot;0&quot;,&quot;iso&quot;:&quot;0&quot;,&quot;shutter_speed&quot;:&quot;0&quot;,&quot;title&quot;:&quot;&quot;}\" data-image-title=\"2009-07-18_18-05-38-Kroatien Paklenica-IMG_5413\" data-image-description=\"\" data-image-caption=\"\" data-medium-file=\"http:\/\/www.omniro.de\/Gipfelbuch\/blog-jr\/wp-content\/uploads\/2009\/07\/2009-07-18_18-05-38-Kroatien-Paklenica-IMG_5413-199x300.jpg\" data-large-file=\"http:\/\/www.omniro.de\/Gipfelbuch\/blog-jr\/wp-content\/uploads\/2009\/07\/2009-07-18_18-05-38-Kroatien-Paklenica-IMG_5413.jpg\" decoding=\"async\" loading=\"lazy\" src=\"http:\/\/www.omniro.de\/Gipfelbuch\/blog-jr\/wp-content\/uploads\/2009\/07\/2009-07-18_18-05-38-Kroatien-Paklenica-IMG_5413.jpg\" alt=\"2009-07-18_18-05-38-Kroatien Paklenica-IMG_5413\" title=\"2009-07-18_18-05-38-Kroatien Paklenica-IMG_5413\" width=\"333\" height=\"500\" class=\"aligncenter size-full wp-image-198\" srcset=\"http:\/\/www.omniro.de\/Gipfelbuch\/blog-jr\/wp-content\/uploads\/2009\/07\/2009-07-18_18-05-38-Kroatien-Paklenica-IMG_5413.jpg 333w, http:\/\/www.omniro.de\/Gipfelbuch\/blog-jr\/wp-content\/uploads\/2009\/07\/2009-07-18_18-05-38-Kroatien-Paklenica-IMG_5413-199x300.jpg 199w\" sizes=\"(max-width: 333px) 100vw, 333px\" \/><\/p>\n<p><strong>Figa 5- (4b+)<\/strong> Vorstieg und mehrfach im Nachstieg<br \/>\nNicht ganz so einfache Route, Schl\u00fcsselstelle mit viel Reibung bei 4 Meter. Das (mein) Problem ist das rechte Knie, das nicht \u00fcber den gerundeten Felsr\u00fccken dr\u00fcber wollte, dahinter waren keine Griffe, man musst also voll auf Reibung setzen.<\/p>\n<p><strong>Zajcek 5 (4c)<\/strong> \u2013 Vorstieg 2x<br \/>\nSieht einfach aus, viele Exenhaken, immer sch\u00f6ne Risse, die man nutzen kann. Kurz unter dem Umlenker (sind hier regelm\u00e4\u00dfig Karabiner) fehlt jedoch ein Haken, beim zweiten Vorstieg hab ich mir dann noch einen Keil gesetzt. \u00dcberhaupt sollte ich dabei bleiben immer ein paar Keile am G\u00fcrtel mitzunehmen. Tut nicht weh und im Zweifel hat man etwas dabei.<\/p>\n<p><strong>Zava 4+ (4b)<\/strong> &#8211; Vorstieg<br \/>\nSch\u00f6ne Route neben Zajcek. Im unteren Teil einfach, dann kommt auf 3 \u2013 4 Meter eine schwierigere Passage, oben wird es dann noch einmal kniffelig. Man kann dabei aber gut varieren. Manchmal versteckt sich ein riesiger Henkel in einem kleinen Loch. Sch\u00f6ne einfache Route.<\/p>\n<p><img data-attachment-id=\"199\" data-permalink=\"http:\/\/www.omniro.de\/Gipfelbuch\/blog-jr\/2009\/07\/paklenica-%e2%80%93-kroatien\/2009-07-18_16-31-38-kroatien-paklenica-img_5410\/\" data-orig-file=\"http:\/\/www.omniro.de\/Gipfelbuch\/blog-jr\/wp-content\/uploads\/2009\/07\/2009-07-18_16-31-38-Kroatien-Paklenica-IMG_5410.jpg\" data-orig-size=\"333,500\" data-comments-opened=\"1\" data-image-meta=\"{&quot;aperture&quot;:&quot;0&quot;,&quot;credit&quot;:&quot;&quot;,&quot;camera&quot;:&quot;&quot;,&quot;caption&quot;:&quot;&quot;,&quot;created_timestamp&quot;:&quot;0&quot;,&quot;copyright&quot;:&quot;www.foto.omniro.de&quot;,&quot;focal_length&quot;:&quot;0&quot;,&quot;iso&quot;:&quot;0&quot;,&quot;shutter_speed&quot;:&quot;0&quot;,&quot;title&quot;:&quot;&quot;}\" data-image-title=\"2009-07-18_16-31-38-Kroatien Paklenica-IMG_5410\" data-image-description=\"\" data-image-caption=\"\" data-medium-file=\"http:\/\/www.omniro.de\/Gipfelbuch\/blog-jr\/wp-content\/uploads\/2009\/07\/2009-07-18_16-31-38-Kroatien-Paklenica-IMG_5410-199x300.jpg\" data-large-file=\"http:\/\/www.omniro.de\/Gipfelbuch\/blog-jr\/wp-content\/uploads\/2009\/07\/2009-07-18_16-31-38-Kroatien-Paklenica-IMG_5410.jpg\" decoding=\"async\" loading=\"lazy\" src=\"http:\/\/www.omniro.de\/Gipfelbuch\/blog-jr\/wp-content\/uploads\/2009\/07\/2009-07-18_16-31-38-Kroatien-Paklenica-IMG_5410.jpg\" alt=\"2009-07-18_16-31-38-Kroatien Paklenica-IMG_5410\" title=\"2009-07-18_16-31-38-Kroatien Paklenica-IMG_5410\" width=\"333\" height=\"500\" class=\"aligncenter size-full wp-image-199\" srcset=\"http:\/\/www.omniro.de\/Gipfelbuch\/blog-jr\/wp-content\/uploads\/2009\/07\/2009-07-18_16-31-38-Kroatien-Paklenica-IMG_5410.jpg 333w, http:\/\/www.omniro.de\/Gipfelbuch\/blog-jr\/wp-content\/uploads\/2009\/07\/2009-07-18_16-31-38-Kroatien-Paklenica-IMG_5410-199x300.jpg 199w\" sizes=\"(max-width: 333px) 100vw, 333px\" \/><br \/>\n<img data-attachment-id=\"201\" data-permalink=\"http:\/\/www.omniro.de\/Gipfelbuch\/blog-jr\/2009\/07\/paklenica-%e2%80%93-kroatien\/2009-07-18_18-06-23-kroatien-paklenica-img_5415\/\" data-orig-file=\"http:\/\/www.omniro.de\/Gipfelbuch\/blog-jr\/wp-content\/uploads\/2009\/07\/2009-07-18_18-06-23-Kroatien-Paklenica-IMG_5415.jpg\" data-orig-size=\"333,500\" data-comments-opened=\"1\" data-image-meta=\"{&quot;aperture&quot;:&quot;0&quot;,&quot;credit&quot;:&quot;&quot;,&quot;camera&quot;:&quot;&quot;,&quot;caption&quot;:&quot;&quot;,&quot;created_timestamp&quot;:&quot;0&quot;,&quot;copyright&quot;:&quot;www.foto.omniro.de&quot;,&quot;focal_length&quot;:&quot;0&quot;,&quot;iso&quot;:&quot;0&quot;,&quot;shutter_speed&quot;:&quot;0&quot;,&quot;title&quot;:&quot;&quot;}\" data-image-title=\"2009-07-18_18-06-23-Kroatien Paklenica-IMG_5415\" data-image-description=\"\" data-image-caption=\"\" data-medium-file=\"http:\/\/www.omniro.de\/Gipfelbuch\/blog-jr\/wp-content\/uploads\/2009\/07\/2009-07-18_18-06-23-Kroatien-Paklenica-IMG_5415-199x300.jpg\" data-large-file=\"http:\/\/www.omniro.de\/Gipfelbuch\/blog-jr\/wp-content\/uploads\/2009\/07\/2009-07-18_18-06-23-Kroatien-Paklenica-IMG_5415.jpg\" decoding=\"async\" loading=\"lazy\" src=\"http:\/\/www.omniro.de\/Gipfelbuch\/blog-jr\/wp-content\/uploads\/2009\/07\/2009-07-18_18-06-23-Kroatien-Paklenica-IMG_5415.jpg\" alt=\"2009-07-18_18-06-23-Kroatien Paklenica-IMG_5415\" title=\"2009-07-18_18-06-23-Kroatien Paklenica-IMG_5415\" width=\"333\" height=\"500\" class=\"aligncenter size-full wp-image-201\" srcset=\"http:\/\/www.omniro.de\/Gipfelbuch\/blog-jr\/wp-content\/uploads\/2009\/07\/2009-07-18_18-06-23-Kroatien-Paklenica-IMG_5415.jpg 333w, http:\/\/www.omniro.de\/Gipfelbuch\/blog-jr\/wp-content\/uploads\/2009\/07\/2009-07-18_18-06-23-Kroatien-Paklenica-IMG_5415-199x300.jpg 199w\" sizes=\"(max-width: 333px) 100vw, 333px\" \/><br \/>\n<img data-attachment-id=\"200\" data-permalink=\"http:\/\/www.omniro.de\/Gipfelbuch\/blog-jr\/2009\/07\/paklenica-%e2%80%93-kroatien\/2009-07-18_16-31-53-kroatien-paklenica-img_5412\/\" data-orig-file=\"http:\/\/www.omniro.de\/Gipfelbuch\/blog-jr\/wp-content\/uploads\/2009\/07\/2009-07-18_16-31-53-Kroatien-Paklenica-IMG_5412.jpg\" data-orig-size=\"333,500\" data-comments-opened=\"1\" data-image-meta=\"{&quot;aperture&quot;:&quot;0&quot;,&quot;credit&quot;:&quot;&quot;,&quot;camera&quot;:&quot;&quot;,&quot;caption&quot;:&quot;&quot;,&quot;created_timestamp&quot;:&quot;0&quot;,&quot;copyright&quot;:&quot;www.foto.omniro.de&quot;,&quot;focal_length&quot;:&quot;0&quot;,&quot;iso&quot;:&quot;0&quot;,&quot;shutter_speed&quot;:&quot;0&quot;,&quot;title&quot;:&quot;&quot;}\" data-image-title=\"2009-07-18_16-31-53-Kroatien Paklenica-IMG_5412\" data-image-description=\"\" data-image-caption=\"\" data-medium-file=\"http:\/\/www.omniro.de\/Gipfelbuch\/blog-jr\/wp-content\/uploads\/2009\/07\/2009-07-18_16-31-53-Kroatien-Paklenica-IMG_5412-199x300.jpg\" data-large-file=\"http:\/\/www.omniro.de\/Gipfelbuch\/blog-jr\/wp-content\/uploads\/2009\/07\/2009-07-18_16-31-53-Kroatien-Paklenica-IMG_5412.jpg\" decoding=\"async\" loading=\"lazy\" src=\"http:\/\/www.omniro.de\/Gipfelbuch\/blog-jr\/wp-content\/uploads\/2009\/07\/2009-07-18_16-31-53-Kroatien-Paklenica-IMG_5412.jpg\" alt=\"2009-07-18_16-31-53-Kroatien Paklenica-IMG_5412\" title=\"2009-07-18_16-31-53-Kroatien Paklenica-IMG_5412\" width=\"333\" height=\"500\" class=\"aligncenter size-full wp-image-200\" srcset=\"http:\/\/www.omniro.de\/Gipfelbuch\/blog-jr\/wp-content\/uploads\/2009\/07\/2009-07-18_16-31-53-Kroatien-Paklenica-IMG_5412.jpg 333w, http:\/\/www.omniro.de\/Gipfelbuch\/blog-jr\/wp-content\/uploads\/2009\/07\/2009-07-18_16-31-53-Kroatien-Paklenica-IMG_5412-199x300.jpg 199w\" sizes=\"(max-width: 333px) 100vw, 333px\" \/><\/p>\n","protected":false},"excerpt":{"rendered":"<p>Link zu Google Maps Klettern im Naturschutzgebiet. Direkt hinter dem Meer steigen die Berge auf und in einem besonders sch\u00f6nen Tal l\u00e4dt der Nationalpark Paklenica Kletterer ein. Hier hat man die Kletterer nicht als Bedrohung sondern als geldbringende Touristen erkannt. Dementsprechend gut ist die Absicherung. Auf f\u00fcr Alltagskletterer und Kinder finden sich Routen und alle [&hellip;]<\/p>\n","protected":false},"author":1,"featured_media":0,"comment_status":"open","ping_status":"open","sticky":false,"template":"","format":"standard","meta":{"ngg_post_thumbnail":0,"jetpack_post_was_ever_published":false,"_jetpack_newsletter_access":"","jetpack_publicize_message":"","jetpack_is_tweetstorm":false,"jetpack_publicize_feature_enabled":true,"jetpack_social_post_already_shared":false,"jetpack_social_options":{"image_generator_settings":{"template":"highway","enabled":false}}},"categories":[35,55,34,57,3,56,53,54],"tags":[],"jetpack_publicize_connections":[],"jetpack_featured_media_url":"","jetpack_sharing_enabled":true,"jetpack_shortlink":"https:\/\/wp.me\/p34XEX-30","_links":{"self":[{"href":"http:\/\/www.omniro.de\/Gipfelbuch\/blog-jr\/wp-json\/wp\/v2\/posts\/186"}],"collection":[{"href":"http:\/\/www.omniro.de\/Gipfelbuch\/blog-jr\/wp-json\/wp\/v2\/posts"}],"about":[{"href":"http:\/\/www.omniro.de\/Gipfelbuch\/blog-jr\/wp-json\/wp\/v2\/types\/post"}],"author":[{"embeddable":true,"href":"http:\/\/www.omniro.de\/Gipfelbuch\/blog-jr\/wp-json\/wp\/v2\/users\/1"}],"replies":[{"embeddable":true,"href":"http:\/\/www.omniro.de\/Gipfelbuch\/blog-jr\/wp-json\/wp\/v2\/comments?post=186"}],"version-history":[{"count":12,"href":"http:\/\/www.omniro.de\/Gipfelbuch\/blog-jr\/wp-json\/wp\/v2\/posts\/186\/revisions"}],"predecessor-version":[{"id":204,"href":"http:\/\/www.omniro.de\/Gipfelbuch\/blog-jr\/wp-json\/wp\/v2\/posts\/186\/revisions\/204"}],"wp:attachment":[{"href":"http:\/\/www.omniro.de\/Gipfelbuch\/blog-jr\/wp-json\/wp\/v2\/media?parent=186"}],"wp:term":[{"taxonomy":"category","embeddable":true,"href":"http:\/\/www.omniro.de\/Gipfelbuch\/blog-jr\/wp-json\/wp\/v2\/categories?post=186"},{"taxonomy":"post_tag","embeddable":true,"href":"http:\/\/www.omniro.de\/Gipfelbuch\/blog-jr\/wp-json\/wp\/v2\/tags?post=186"}],"curies":[{"name":"wp","href":"https:\/\/api.w.org\/{rel}","templated":true}]}}