{"id":223,"date":"2009-07-22T23:20:54","date_gmt":"2009-07-22T21:20:54","guid":{"rendered":"http:\/\/www.omniro.de\/Gipfelbuch\/blog-jr\/?p=223"},"modified":"2009-08-09T23:32:20","modified_gmt":"2009-08-09T21:32:20","slug":"kroatien-limski-fjord-%e2%80%93-sektor-aii","status":"publish","type":"post","link":"http:\/\/www.omniro.de\/Gipfelbuch\/blog-jr\/2009\/07\/kroatien-limski-fjord-%e2%80%93-sektor-aii\/","title":{"rendered":"Kroatien &#8211; Limski Fjord \u2013 Sektor A\/II"},"content":{"rendered":"<p><a href=\"http:\/\/maps.google.de\/maps?ll=45.129694,13.740972&#038;z=16&#038;t=h&#038;hl=de\">Link zu GoogleMaps<\/a><\/p>\n<figure id=\"attachment_224\" aria-describedby=\"caption-attachment-224\" style=\"width: 500px\" class=\"wp-caption aligncenter\"><img data-attachment-id=\"224\" data-permalink=\"http:\/\/www.omniro.de\/Gipfelbuch\/blog-jr\/2009\/07\/kroatien-limski-fjord-%e2%80%93-sektor-aii\/2009-07-24_17-28-50-kroatien-klettern-img_5524\/\" data-orig-file=\"http:\/\/www.omniro.de\/Gipfelbuch\/blog-jr\/wp-content\/uploads\/2009\/08\/2009-07-24_17-28-50-Kroatien-klettern-IMG_5524.jpg\" data-orig-size=\"500,333\" data-comments-opened=\"1\" data-image-meta=\"{&quot;aperture&quot;:&quot;0&quot;,&quot;credit&quot;:&quot;&quot;,&quot;camera&quot;:&quot;&quot;,&quot;caption&quot;:&quot;&quot;,&quot;created_timestamp&quot;:&quot;0&quot;,&quot;copyright&quot;:&quot;www.foto.omniro.de&quot;,&quot;focal_length&quot;:&quot;0&quot;,&quot;iso&quot;:&quot;0&quot;,&quot;shutter_speed&quot;:&quot;0&quot;,&quot;title&quot;:&quot;&quot;}\" data-image-title=\"2009-07-24_17-28-50-Kroatien &#8211; klettern-IMG_5524\" data-image-description=\"\" data-image-caption=\"&lt;p&gt;Limski Ford Sektor A&lt;\/p&gt;\n\" data-medium-file=\"http:\/\/www.omniro.de\/Gipfelbuch\/blog-jr\/wp-content\/uploads\/2009\/08\/2009-07-24_17-28-50-Kroatien-klettern-IMG_5524-300x199.jpg\" data-large-file=\"http:\/\/www.omniro.de\/Gipfelbuch\/blog-jr\/wp-content\/uploads\/2009\/08\/2009-07-24_17-28-50-Kroatien-klettern-IMG_5524.jpg\" decoding=\"async\" loading=\"lazy\" src=\"http:\/\/www.omniro.de\/Gipfelbuch\/blog-jr\/wp-content\/uploads\/2009\/08\/2009-07-24_17-28-50-Kroatien-klettern-IMG_5524.jpg\" alt=\"Limski Ford Sektor A\" title=\"2009-07-24_17-28-50-Kroatien - klettern-IMG_5524\" width=\"500\" height=\"333\" class=\"size-full wp-image-224\" srcset=\"http:\/\/www.omniro.de\/Gipfelbuch\/blog-jr\/wp-content\/uploads\/2009\/08\/2009-07-24_17-28-50-Kroatien-klettern-IMG_5524.jpg 500w, http:\/\/www.omniro.de\/Gipfelbuch\/blog-jr\/wp-content\/uploads\/2009\/08\/2009-07-24_17-28-50-Kroatien-klettern-IMG_5524-300x199.jpg 300w\" sizes=\"(max-width: 500px) 100vw, 500px\" \/><figcaption id=\"caption-attachment-224\" class=\"wp-caption-text\">Limski Ford Sektor A<\/figcaption><\/figure>\n<p><strong>Kantun 5+ (5a)<\/strong> (Vorstieg und Nachstieg) Oben br\u00fcchig. Helm f\u00fcr den Kletterer und den Sichernden Pflicht.<br \/>\nBei 32 Grad im Schatten, die Sonne war gerade hinter den Felsen verschwunden, der Fels strahlte noch, die Schuhe bei der Route rouiniert. Das Gummi blieb quasi am Felsen haften.<br \/>\nDie Route ist schon am Einstieg schwer, gro\u00dfe Griffe sind Mangelware. In der Mitte gibt es dann pl\u00f6tzlich kaum etwas zu greifen und ich frage mich, ob die Bewertung etwas zu gering ist.<br \/>\nOben geht es auf einen \u00dcberhang zum Umlenker, aber das kann nie und nimmer 5+ sein, au\u00dfer man nimmt die Route rechts daneben (dann kommt man aber kaum zum Umlenker)<\/p>\n<p>\u00dcberhaupt sehen die Routen \u00e4u\u00dferst anspruchsvoll aus. <\/p>\n<p><img data-attachment-id=\"225\" data-permalink=\"http:\/\/www.omniro.de\/Gipfelbuch\/blog-jr\/2009\/07\/kroatien-limski-fjord-%e2%80%93-sektor-aii\/2009-07-24_17-31-07-kroatien-klettern-img_5527-2\/\" data-orig-file=\"http:\/\/www.omniro.de\/Gipfelbuch\/blog-jr\/wp-content\/uploads\/2009\/08\/2009-07-24_17-31-07-Kroatien-klettern-IMG_5527-2.jpg\" data-orig-size=\"291,500\" data-comments-opened=\"1\" data-image-meta=\"{&quot;aperture&quot;:&quot;0&quot;,&quot;credit&quot;:&quot;&quot;,&quot;camera&quot;:&quot;&quot;,&quot;caption&quot;:&quot;&quot;,&quot;created_timestamp&quot;:&quot;0&quot;,&quot;copyright&quot;:&quot;www.foto.omniro.de&quot;,&quot;focal_length&quot;:&quot;0&quot;,&quot;iso&quot;:&quot;0&quot;,&quot;shutter_speed&quot;:&quot;0&quot;,&quot;title&quot;:&quot;&quot;}\" data-image-title=\"2009-07-24_17-31-07-Kroatien &#8211; klettern-IMG_5527-2\" data-image-description=\"\" data-image-caption=\"\" data-medium-file=\"http:\/\/www.omniro.de\/Gipfelbuch\/blog-jr\/wp-content\/uploads\/2009\/08\/2009-07-24_17-31-07-Kroatien-klettern-IMG_5527-2-174x300.jpg\" data-large-file=\"http:\/\/www.omniro.de\/Gipfelbuch\/blog-jr\/wp-content\/uploads\/2009\/08\/2009-07-24_17-31-07-Kroatien-klettern-IMG_5527-2.jpg\" decoding=\"async\" loading=\"lazy\" src=\"http:\/\/www.omniro.de\/Gipfelbuch\/blog-jr\/wp-content\/uploads\/2009\/08\/2009-07-24_17-31-07-Kroatien-klettern-IMG_5527-2.jpg\" alt=\"2009-07-24_17-31-07-Kroatien - klettern-IMG_5527-2\" title=\"2009-07-24_17-31-07-Kroatien - klettern-IMG_5527-2\" width=\"291\" height=\"500\" class=\"aligncenter size-full wp-image-225\" srcset=\"http:\/\/www.omniro.de\/Gipfelbuch\/blog-jr\/wp-content\/uploads\/2009\/08\/2009-07-24_17-31-07-Kroatien-klettern-IMG_5527-2.jpg 291w, http:\/\/www.omniro.de\/Gipfelbuch\/blog-jr\/wp-content\/uploads\/2009\/08\/2009-07-24_17-31-07-Kroatien-klettern-IMG_5527-2-174x300.jpg 174w\" sizes=\"(max-width: 291px) 100vw, 291px\" \/><\/p>\n<p>Selbst in der<br \/>\n Mimi 4+ (4b) ist es nicht einfach. Da ist mittendrin eine Reibungsplatte und wenig Griffe \u2013 f\u00fcr Anf\u00e4nger schon eine Herausforderung. Der Umlenker, eine Kette und ein alter Karabiner (wie man sie am Baumarkt kaufen kann), dazu ein Schekel, der ziemlich verrostet ist. Der Karabiner ist mit einem Klebeband zugeklebt, offenbar ist der Schnapper kaputt. Grund genug noch zwei Sicherungen dazu zu legen.<br \/>\nVorstieg und Nachstieg, am Ende selbst abgeseilt, um den schlechten Karabiner keine Chance zum ausklinken zu geben.<\/p>\n<p><img data-attachment-id=\"226\" data-permalink=\"http:\/\/www.omniro.de\/Gipfelbuch\/blog-jr\/2009\/07\/kroatien-limski-fjord-%e2%80%93-sektor-aii\/2009-07-24_17-31-44-kroatien-klettern-img_5532\/\" data-orig-file=\"http:\/\/www.omniro.de\/Gipfelbuch\/blog-jr\/wp-content\/uploads\/2009\/08\/2009-07-24_17-31-44-Kroatien-klettern-IMG_5532.jpg\" data-orig-size=\"262,500\" data-comments-opened=\"1\" data-image-meta=\"{&quot;aperture&quot;:&quot;0&quot;,&quot;credit&quot;:&quot;&quot;,&quot;camera&quot;:&quot;&quot;,&quot;caption&quot;:&quot;&quot;,&quot;created_timestamp&quot;:&quot;0&quot;,&quot;copyright&quot;:&quot;www.foto.omniro.de&quot;,&quot;focal_length&quot;:&quot;0&quot;,&quot;iso&quot;:&quot;0&quot;,&quot;shutter_speed&quot;:&quot;0&quot;,&quot;title&quot;:&quot;&quot;}\" data-image-title=\"2009-07-24_17-31-44-Kroatien &#8211; klettern-IMG_5532\" data-image-description=\"\" data-image-caption=\"\" data-medium-file=\"http:\/\/www.omniro.de\/Gipfelbuch\/blog-jr\/wp-content\/uploads\/2009\/08\/2009-07-24_17-31-44-Kroatien-klettern-IMG_5532-157x300.jpg\" data-large-file=\"http:\/\/www.omniro.de\/Gipfelbuch\/blog-jr\/wp-content\/uploads\/2009\/08\/2009-07-24_17-31-44-Kroatien-klettern-IMG_5532.jpg\" decoding=\"async\" loading=\"lazy\" src=\"http:\/\/www.omniro.de\/Gipfelbuch\/blog-jr\/wp-content\/uploads\/2009\/08\/2009-07-24_17-31-44-Kroatien-klettern-IMG_5532.jpg\" alt=\"2009-07-24_17-31-44-Kroatien - klettern-IMG_5532\" title=\"2009-07-24_17-31-44-Kroatien - klettern-IMG_5532\" width=\"262\" height=\"500\" class=\"aligncenter size-full wp-image-226\" srcset=\"http:\/\/www.omniro.de\/Gipfelbuch\/blog-jr\/wp-content\/uploads\/2009\/08\/2009-07-24_17-31-44-Kroatien-klettern-IMG_5532.jpg 262w, http:\/\/www.omniro.de\/Gipfelbuch\/blog-jr\/wp-content\/uploads\/2009\/08\/2009-07-24_17-31-44-Kroatien-klettern-IMG_5532-157x300.jpg 157w\" sizes=\"(max-width: 262px) 100vw, 262px\" \/><\/p>\n","protected":false},"excerpt":{"rendered":"<p>Link zu GoogleMaps Kantun 5+ (5a) (Vorstieg und Nachstieg) Oben br\u00fcchig. Helm f\u00fcr den Kletterer und den Sichernden Pflicht. Bei 32 Grad im Schatten, die Sonne war gerade hinter den Felsen verschwunden, der Fels strahlte noch, die Schuhe bei der Route rouiniert. Das Gummi blieb quasi am Felsen haften. Die Route ist schon am Einstieg [&hellip;]<\/p>\n","protected":false},"author":1,"featured_media":0,"comment_status":"open","ping_status":"open","sticky":false,"template":"","format":"standard","meta":{"ngg_post_thumbnail":0,"jetpack_post_was_ever_published":false,"_jetpack_newsletter_access":"","jetpack_publicize_message":"","jetpack_is_tweetstorm":false,"jetpack_publicize_feature_enabled":true,"jetpack_social_post_already_shared":false,"jetpack_social_options":{"image_generator_settings":{"template":"highway","enabled":false}}},"categories":[35,33,3,53,59],"tags":[],"jetpack_publicize_connections":[],"jetpack_featured_media_url":"","jetpack_sharing_enabled":true,"jetpack_shortlink":"https:\/\/wp.me\/p34XEX-3B","_links":{"self":[{"href":"http:\/\/www.omniro.de\/Gipfelbuch\/blog-jr\/wp-json\/wp\/v2\/posts\/223"}],"collection":[{"href":"http:\/\/www.omniro.de\/Gipfelbuch\/blog-jr\/wp-json\/wp\/v2\/posts"}],"about":[{"href":"http:\/\/www.omniro.de\/Gipfelbuch\/blog-jr\/wp-json\/wp\/v2\/types\/post"}],"author":[{"embeddable":true,"href":"http:\/\/www.omniro.de\/Gipfelbuch\/blog-jr\/wp-json\/wp\/v2\/users\/1"}],"replies":[{"embeddable":true,"href":"http:\/\/www.omniro.de\/Gipfelbuch\/blog-jr\/wp-json\/wp\/v2\/comments?post=223"}],"version-history":[{"count":5,"href":"http:\/\/www.omniro.de\/Gipfelbuch\/blog-jr\/wp-json\/wp\/v2\/posts\/223\/revisions"}],"predecessor-version":[{"id":231,"href":"http:\/\/www.omniro.de\/Gipfelbuch\/blog-jr\/wp-json\/wp\/v2\/posts\/223\/revisions\/231"}],"wp:attachment":[{"href":"http:\/\/www.omniro.de\/Gipfelbuch\/blog-jr\/wp-json\/wp\/v2\/media?parent=223"}],"wp:term":[{"taxonomy":"category","embeddable":true,"href":"http:\/\/www.omniro.de\/Gipfelbuch\/blog-jr\/wp-json\/wp\/v2\/categories?post=223"},{"taxonomy":"post_tag","embeddable":true,"href":"http:\/\/www.omniro.de\/Gipfelbuch\/blog-jr\/wp-json\/wp\/v2\/tags?post=223"}],"curies":[{"name":"wp","href":"https:\/\/api.w.org\/{rel}","templated":true}]}}