{"id":269,"date":"2009-07-30T20:20:05","date_gmt":"2009-07-30T18:20:05","guid":{"rendered":"http:\/\/www.omniro.de\/Gipfelbuch\/blog-jr\/?p=269"},"modified":"2009-08-10T10:27:34","modified_gmt":"2009-08-10T08:27:34","slug":"slowenien-bodesce-war-mein-waterloo","status":"publish","type":"post","link":"http:\/\/www.omniro.de\/Gipfelbuch\/blog-jr\/2009\/07\/slowenien-bodesce-war-mein-waterloo\/","title":{"rendered":"Slowenien &#8211; Bodesce war mein Waterloo"},"content":{"rendered":"<p><a href=\"http:\/\/maps.google.de\/maps?ll=46.342558,14.141255&#038;z=17&#038;t=h&#038;hl=de\">Link zu GoogleMaps<\/a>  46\u00b020&#8217;34.06&#8243;N  14\u00b0 8&#8217;29.24&#8243;E<\/p>\n<p>Die Route <strong>Ne tc ne ms 6 (5c)<\/strong> erschien mir von unten gar nicht so schwer. Doch nach wenigen Metern war Schluss mit lustig. Ich rutschte in die Jozefina (7b) und kam etwa 2\/3 der Route dann fand ich nichts mehr. Ich versuchte noch in Richtung der alten Route zu kommen, seilte dann aber an einem guten B\u00fchler ab.<br \/>\nIn unserem F\u00fchrer ist die ganz rechte Route Bali (6b) nicht aufgef\u00fchrt, aber sie sah von unten machbar aus. In etwa der H\u00e4lfte der Route kam ich nicht weiter und wechselte in die 6a+ rechts daneben. Griffe fand ich dort nur vereinzelt und wenn dann war nichts f\u00fcr die F\u00fc\u00dfe zu finden. Ich hangelte von Exenhaken zu Exenhaken. 29 Grad im Schatten und nasse Finger. Ich war nass wie unter einer Dusche. Eineinhalb Meter vorm Umlenker war dann endg\u00fcltig Schluss. Vor der letzten Sicherung muss man ein Loch (Supergriff) erreichen. Ich versuchte einen Klemmkeil dazwischen zu setzen, der dann beim Aufstieg, als ich abrutsche aus der Wand riss. Die Exe schlug mir ziemlich fest ins Gesicht.  Als sie ausriss blieb gerade noch Zeit f\u00fcr einen kurzen Schrei. Gl\u00fccklicherweise war Svenja auf Zack und die n\u00e4chste Sicherung hielt. Ein gr\u00f6\u00dferer Klemmkeil in einem anderen Loch (es gibt kaum welche!) l\u00f6ste dann das Problem, wobei ich nur noch technisch weiterkam. So hangelte ich mich an die Sicherung in der alten, nun links liegenden Route und kam v\u00f6llig durchgeschwitzt und fertig mit einer Exe an den Umlenker. Pause. Sicherung und abw\u00e4rts.<br \/>\nDie Wand ist eindeutig zu schwer f\u00fcr mich.<\/p>\n<p><img data-attachment-id=\"270\" data-permalink=\"http:\/\/www.omniro.de\/Gipfelbuch\/blog-jr\/2009\/07\/slowenien-bodesce-war-mein-waterloo\/2009-07-30_17-49-31-slovenien-img_5726\/\" data-orig-file=\"http:\/\/www.omniro.de\/Gipfelbuch\/blog-jr\/wp-content\/uploads\/2009\/08\/2009-07-30_17-49-31-Slovenien-IMG_5726.jpg\" data-orig-size=\"333,500\" data-comments-opened=\"1\" data-image-meta=\"{&quot;aperture&quot;:&quot;0&quot;,&quot;credit&quot;:&quot;&quot;,&quot;camera&quot;:&quot;&quot;,&quot;caption&quot;:&quot;&quot;,&quot;created_timestamp&quot;:&quot;0&quot;,&quot;copyright&quot;:&quot;www.foto.omniro.de&quot;,&quot;focal_length&quot;:&quot;0&quot;,&quot;iso&quot;:&quot;0&quot;,&quot;shutter_speed&quot;:&quot;0&quot;,&quot;title&quot;:&quot;&quot;}\" data-image-title=\"2009-07-30_17-49-31-Slovenien -IMG_5726\" data-image-description=\"\" data-image-caption=\"\" data-medium-file=\"http:\/\/www.omniro.de\/Gipfelbuch\/blog-jr\/wp-content\/uploads\/2009\/08\/2009-07-30_17-49-31-Slovenien-IMG_5726-199x300.jpg\" data-large-file=\"http:\/\/www.omniro.de\/Gipfelbuch\/blog-jr\/wp-content\/uploads\/2009\/08\/2009-07-30_17-49-31-Slovenien-IMG_5726.jpg\" decoding=\"async\" loading=\"lazy\" src=\"http:\/\/www.omniro.de\/Gipfelbuch\/blog-jr\/wp-content\/uploads\/2009\/08\/2009-07-30_17-49-31-Slovenien-IMG_5726.jpg\" alt=\"2009-07-30_17-49-31-Slovenien -IMG_5726\" title=\"2009-07-30_17-49-31-Slovenien -IMG_5726\" width=\"333\" height=\"500\" class=\"aligncenter size-full wp-image-270\" srcset=\"http:\/\/www.omniro.de\/Gipfelbuch\/blog-jr\/wp-content\/uploads\/2009\/08\/2009-07-30_17-49-31-Slovenien-IMG_5726.jpg 333w, http:\/\/www.omniro.de\/Gipfelbuch\/blog-jr\/wp-content\/uploads\/2009\/08\/2009-07-30_17-49-31-Slovenien-IMG_5726-199x300.jpg 199w\" sizes=\"(max-width: 333px) 100vw, 333px\" \/><\/p>\n","protected":false},"excerpt":{"rendered":"<p>Link zu GoogleMaps 46\u00b020&#8217;34.06&#8243;N 14\u00b0 8&#8217;29.24&#8243;E Die Route Ne tc ne ms 6 (5c) erschien mir von unten gar nicht so schwer. Doch nach wenigen Metern war Schluss mit lustig. Ich rutschte in die Jozefina (7b) und kam etwa 2\/3 der Route dann fand ich nichts mehr. Ich versuchte noch in Richtung der alten Route [&hellip;]<\/p>\n","protected":false},"author":1,"featured_media":0,"comment_status":"open","ping_status":"open","sticky":false,"template":"","format":"standard","meta":{"ngg_post_thumbnail":0,"jetpack_post_was_ever_published":false,"_jetpack_newsletter_access":"","jetpack_publicize_message":"","jetpack_is_tweetstorm":false,"jetpack_publicize_feature_enabled":true,"jetpack_social_post_already_shared":false,"jetpack_social_options":{"image_generator_settings":{"template":"highway","enabled":false}}},"categories":[32,63,31,62,3,56,61],"tags":[],"jetpack_publicize_connections":[],"jetpack_featured_media_url":"","jetpack_sharing_enabled":true,"jetpack_shortlink":"https:\/\/wp.me\/p34XEX-4l","_links":{"self":[{"href":"http:\/\/www.omniro.de\/Gipfelbuch\/blog-jr\/wp-json\/wp\/v2\/posts\/269"}],"collection":[{"href":"http:\/\/www.omniro.de\/Gipfelbuch\/blog-jr\/wp-json\/wp\/v2\/posts"}],"about":[{"href":"http:\/\/www.omniro.de\/Gipfelbuch\/blog-jr\/wp-json\/wp\/v2\/types\/post"}],"author":[{"embeddable":true,"href":"http:\/\/www.omniro.de\/Gipfelbuch\/blog-jr\/wp-json\/wp\/v2\/users\/1"}],"replies":[{"embeddable":true,"href":"http:\/\/www.omniro.de\/Gipfelbuch\/blog-jr\/wp-json\/wp\/v2\/comments?post=269"}],"version-history":[{"count":3,"href":"http:\/\/www.omniro.de\/Gipfelbuch\/blog-jr\/wp-json\/wp\/v2\/posts\/269\/revisions"}],"predecessor-version":[{"id":273,"href":"http:\/\/www.omniro.de\/Gipfelbuch\/blog-jr\/wp-json\/wp\/v2\/posts\/269\/revisions\/273"}],"wp:attachment":[{"href":"http:\/\/www.omniro.de\/Gipfelbuch\/blog-jr\/wp-json\/wp\/v2\/media?parent=269"}],"wp:term":[{"taxonomy":"category","embeddable":true,"href":"http:\/\/www.omniro.de\/Gipfelbuch\/blog-jr\/wp-json\/wp\/v2\/categories?post=269"},{"taxonomy":"post_tag","embeddable":true,"href":"http:\/\/www.omniro.de\/Gipfelbuch\/blog-jr\/wp-json\/wp\/v2\/tags?post=269"}],"curies":[{"name":"wp","href":"https:\/\/api.w.org\/{rel}","templated":true}]}}