{"id":294,"date":"2009-08-04T22:32:10","date_gmt":"2009-08-04T20:32:10","guid":{"rendered":"http:\/\/www.omniro.de\/Gipfelbuch\/blog-jr\/?p=294"},"modified":"2009-08-10T12:45:46","modified_gmt":"2009-08-10T10:45:46","slug":"betzensteiner-sportkletterwand","status":"publish","type":"post","link":"http:\/\/www.omniro.de\/Gipfelbuch\/blog-jr\/2009\/08\/betzensteiner-sportkletterwand\/","title":{"rendered":"Betzensteiner Sportkletterwand"},"content":{"rendered":"<p>Fr\u00e4nkische Schweiz<br \/>\n<a href=\"http:\/\/www.klettern.frankenjura.com\/php3\/select_fels.php3?id=4-04-2\">Link zur Frankenjura Info<\/a> N 49.68063 E 11.40945<br \/>\n<img data-attachment-id=\"298\" data-permalink=\"http:\/\/www.omniro.de\/Gipfelbuch\/blog-jr\/2009\/08\/betzensteiner-sportkletterwand\/2009-08-04_17-21-37-frankische-schweiz-img_5755\/\" data-orig-file=\"http:\/\/www.omniro.de\/Gipfelbuch\/blog-jr\/wp-content\/uploads\/2009\/08\/2009-08-04_17-21-37-Fr\u00e4nkische-Schweiz-IMG_5755.jpg\" data-orig-size=\"500,157\" data-comments-opened=\"1\" data-image-meta=\"{&quot;aperture&quot;:&quot;0&quot;,&quot;credit&quot;:&quot;&quot;,&quot;camera&quot;:&quot;&quot;,&quot;caption&quot;:&quot;&quot;,&quot;created_timestamp&quot;:&quot;0&quot;,&quot;copyright&quot;:&quot;www.foto.omniro.de&quot;,&quot;focal_length&quot;:&quot;0&quot;,&quot;iso&quot;:&quot;0&quot;,&quot;shutter_speed&quot;:&quot;0&quot;,&quot;title&quot;:&quot;&quot;}\" data-image-title=\"2009-08-04_17-21-37-Fr\u00e4nkische Schweiz-IMG_5755\" data-image-description=\"\" data-image-caption=\"\" data-medium-file=\"http:\/\/www.omniro.de\/Gipfelbuch\/blog-jr\/wp-content\/uploads\/2009\/08\/2009-08-04_17-21-37-Fr\u00e4nkische-Schweiz-IMG_5755-300x94.jpg\" data-large-file=\"http:\/\/www.omniro.de\/Gipfelbuch\/blog-jr\/wp-content\/uploads\/2009\/08\/2009-08-04_17-21-37-Fr\u00e4nkische-Schweiz-IMG_5755.jpg\" decoding=\"async\" loading=\"lazy\" src=\"http:\/\/www.omniro.de\/Gipfelbuch\/blog-jr\/wp-content\/uploads\/2009\/08\/2009-08-04_17-21-37-Fr\u00e4nkische-Schweiz-IMG_5755.jpg\" alt=\"2009-08-04_17-21-37-Fr\u00e4nkische Schweiz-IMG_5755\" title=\"2009-08-04_17-21-37-Fr\u00e4nkische Schweiz-IMG_5755\" width=\"500\" height=\"157\" class=\"aligncenter size-full wp-image-298\" srcset=\"http:\/\/www.omniro.de\/Gipfelbuch\/blog-jr\/wp-content\/uploads\/2009\/08\/2009-08-04_17-21-37-Fr\u00e4nkische-Schweiz-IMG_5755.jpg 500w, http:\/\/www.omniro.de\/Gipfelbuch\/blog-jr\/wp-content\/uploads\/2009\/08\/2009-08-04_17-21-37-Fr\u00e4nkische-Schweiz-IMG_5755-300x94.jpg 300w\" sizes=\"(max-width: 500px) 100vw, 500px\" \/><\/p>\n<p>Mit dem <strong>Besenritt 4 <\/strong>fingen wir an. Im unteren Bereich noch Tricky f\u00fcr die Kids, im Mittelteil leicht, oben ein Quergang zum Ring.<br \/>\n<figure id=\"attachment_301\" aria-describedby=\"caption-attachment-301\" style=\"width: 500px\" class=\"wp-caption aligncenter\"><img data-attachment-id=\"301\" data-permalink=\"http:\/\/www.omniro.de\/Gipfelbuch\/blog-jr\/2009\/08\/betzensteiner-sportkletterwand\/2009-08-04_18-41-02-frankische-schweiz-img_5764\/\" data-orig-file=\"http:\/\/www.omniro.de\/Gipfelbuch\/blog-jr\/wp-content\/uploads\/2009\/08\/2009-08-04_18-41-02-Fr\u00e4nkische-Schweiz-IMG_5764.jpg\" data-orig-size=\"500,333\" data-comments-opened=\"1\" data-image-meta=\"{&quot;aperture&quot;:&quot;0&quot;,&quot;credit&quot;:&quot;&quot;,&quot;camera&quot;:&quot;&quot;,&quot;caption&quot;:&quot;&quot;,&quot;created_timestamp&quot;:&quot;0&quot;,&quot;copyright&quot;:&quot;www.foto.omniro.de&quot;,&quot;focal_length&quot;:&quot;0&quot;,&quot;iso&quot;:&quot;0&quot;,&quot;shutter_speed&quot;:&quot;0&quot;,&quot;title&quot;:&quot;&quot;}\" data-image-title=\"2009-08-04_18-41-02-Fr\u00e4nkische Schweiz-IMG_5764\" data-image-description=\"&lt;p&gt;Hexenmeister 7- &lt;\/p&gt;\n\" data-image-caption=\"&lt;p&gt;Hexenmeister 7- &lt;\/p&gt;\n\" data-medium-file=\"http:\/\/www.omniro.de\/Gipfelbuch\/blog-jr\/wp-content\/uploads\/2009\/08\/2009-08-04_18-41-02-Fr\u00e4nkische-Schweiz-IMG_5764-300x199.jpg\" data-large-file=\"http:\/\/www.omniro.de\/Gipfelbuch\/blog-jr\/wp-content\/uploads\/2009\/08\/2009-08-04_18-41-02-Fr\u00e4nkische-Schweiz-IMG_5764.jpg\" decoding=\"async\" loading=\"lazy\" src=\"http:\/\/www.omniro.de\/Gipfelbuch\/blog-jr\/wp-content\/uploads\/2009\/08\/2009-08-04_18-41-02-Fr\u00e4nkische-Schweiz-IMG_5764.jpg\" alt=\"Hexenmeister 7- \" title=\"2009-08-04_18-41-02-Fr\u00e4nkische Schweiz-IMG_5764\" width=\"500\" height=\"333\" class=\"size-full wp-image-301\" srcset=\"http:\/\/www.omniro.de\/Gipfelbuch\/blog-jr\/wp-content\/uploads\/2009\/08\/2009-08-04_18-41-02-Fr\u00e4nkische-Schweiz-IMG_5764.jpg 500w, http:\/\/www.omniro.de\/Gipfelbuch\/blog-jr\/wp-content\/uploads\/2009\/08\/2009-08-04_18-41-02-Fr\u00e4nkische-Schweiz-IMG_5764-300x199.jpg 300w\" sizes=\"(max-width: 500px) 100vw, 500px\" \/><figcaption id=\"caption-attachment-301\" class=\"wp-caption-text\">Hexenmeister 7- <\/figcaption><\/figure><\/p>\n<p>Von dort die <strong>Hexenmeister 7-<\/strong> mit Hilfe den \u00dcberhang gemeistert. Das Ding sieht leichter aus. Im Vorstieg wird\u2019s dann wahrscheinlich schwer. Irgendwann geh ich die auch noch im Vorstieg. Anschlie\u00dfend hat mein Kraftpaket Svenja die Route zweimal geklettert. Die Schl\u00fcsselstelle hats ihr angetan. Endlich mit Kraft und Gewalt klettern. Klasse\u2026<br \/>\nAber wehe es kommt eine 3er-Route mit Reibefl\u00e4chen oder Fingergro\u00dfen Griffen. Dann ist die Verzweiflung gro\u00df.<\/p>\n<p><strong>Betzensteiner Sportkletterwand &#8211; Nebenmassiv<\/strong><br \/>\n<img data-attachment-id=\"303\" data-permalink=\"http:\/\/www.omniro.de\/Gipfelbuch\/blog-jr\/2009\/08\/betzensteiner-sportkletterwand\/2009-08-04_20-35-36-frankische-schweiz-img_5780\/\" data-orig-file=\"http:\/\/www.omniro.de\/Gipfelbuch\/blog-jr\/wp-content\/uploads\/2009\/08\/2009-08-04_20-35-36-Fr\u00e4nkische-Schweiz-IMG_5780.jpg\" data-orig-size=\"333,500\" data-comments-opened=\"1\" data-image-meta=\"{&quot;aperture&quot;:&quot;0&quot;,&quot;credit&quot;:&quot;&quot;,&quot;camera&quot;:&quot;&quot;,&quot;caption&quot;:&quot;&quot;,&quot;created_timestamp&quot;:&quot;0&quot;,&quot;copyright&quot;:&quot;www.foto.omniro.de&quot;,&quot;focal_length&quot;:&quot;0&quot;,&quot;iso&quot;:&quot;0&quot;,&quot;shutter_speed&quot;:&quot;0&quot;,&quot;title&quot;:&quot;&quot;}\" data-image-title=\"2009-08-04_20-35-36-Fr\u00e4nkische Schweiz-IMG_5780\" data-image-description=\"\" data-image-caption=\"\" data-medium-file=\"http:\/\/www.omniro.de\/Gipfelbuch\/blog-jr\/wp-content\/uploads\/2009\/08\/2009-08-04_20-35-36-Fr\u00e4nkische-Schweiz-IMG_5780-199x300.jpg\" data-large-file=\"http:\/\/www.omniro.de\/Gipfelbuch\/blog-jr\/wp-content\/uploads\/2009\/08\/2009-08-04_20-35-36-Fr\u00e4nkische-Schweiz-IMG_5780.jpg\" decoding=\"async\" loading=\"lazy\" src=\"http:\/\/www.omniro.de\/Gipfelbuch\/blog-jr\/wp-content\/uploads\/2009\/08\/2009-08-04_20-35-36-Fr\u00e4nkische-Schweiz-IMG_5780.jpg\" alt=\"2009-08-04_20-35-36-Fr\u00e4nkische Schweiz-IMG_5780\" title=\"2009-08-04_20-35-36-Fr\u00e4nkische Schweiz-IMG_5780\" width=\"333\" height=\"500\" class=\"aligncenter size-full wp-image-303\" srcset=\"http:\/\/www.omniro.de\/Gipfelbuch\/blog-jr\/wp-content\/uploads\/2009\/08\/2009-08-04_20-35-36-Fr\u00e4nkische-Schweiz-IMG_5780.jpg 333w, http:\/\/www.omniro.de\/Gipfelbuch\/blog-jr\/wp-content\/uploads\/2009\/08\/2009-08-04_20-35-36-Fr\u00e4nkische-Schweiz-IMG_5780-199x300.jpg 199w\" sizes=\"(max-width: 333px) 100vw, 333px\" \/><\/p>\n<p>Anschlie\u00dfend die <strong>Direttissima 4+<\/strong> f\u00fcr Inga ausgew\u00e4hlt. Leider ist das im Kletterbuch sehr bl\u00f6de verzeichnet und ich bin die <strong>Marytissima 6-<\/strong> Vorstieg geklettert. Kein Problem, aber f\u00fcr die Kids eindeutig zu schwer, also in die echte Route gewechselt. Dann hat sich Svenja die Route so abgesichert, dass sie sie danach im Vorstieg klettern konnte. An jedem Haken ein, zwei Bandschlingen (sah fast wie Nachstieg aus) aber sie hat es geschafft. Mental ist ein Vorstieg immer eine ganz andere Geschichte als ein Nachstieg und ich bin froh, dass sie es so lernt. Inga hatte dann in der Route Angst ihre Finger in einem der L\u00f6scher bei einem Sturz zu lassen und es kostete ewig Zeit ihr klar zu machen, dass im Falle eines Sturzes die Hand einfach aus dem Loch rausrutscht. Sonst w\u00fcrden in der Fr\u00e4nkischen Schweiz wohl viele Kletterer ohne Finger herum laufen.<br \/>\nSo viele L\u00f6cher in einem Fels habe ich noch nie gesehen.<br \/>\n<img data-attachment-id=\"305\" data-permalink=\"http:\/\/www.omniro.de\/Gipfelbuch\/blog-jr\/2009\/08\/betzensteiner-sportkletterwand\/2009-08-04_20-37-52-frankische-schweiz-img_5782\/\" data-orig-file=\"http:\/\/www.omniro.de\/Gipfelbuch\/blog-jr\/wp-content\/uploads\/2009\/08\/2009-08-04_20-37-52-Fr\u00e4nkische-Schweiz-IMG_5782.jpg\" data-orig-size=\"333,500\" data-comments-opened=\"1\" data-image-meta=\"{&quot;aperture&quot;:&quot;0&quot;,&quot;credit&quot;:&quot;&quot;,&quot;camera&quot;:&quot;&quot;,&quot;caption&quot;:&quot;&quot;,&quot;created_timestamp&quot;:&quot;0&quot;,&quot;copyright&quot;:&quot;www.foto.omniro.de&quot;,&quot;focal_length&quot;:&quot;0&quot;,&quot;iso&quot;:&quot;0&quot;,&quot;shutter_speed&quot;:&quot;0&quot;,&quot;title&quot;:&quot;&quot;}\" data-image-title=\"2009-08-04_20-37-52-Fr\u00e4nkische Schweiz-IMG_5782\" data-image-description=\"\" data-image-caption=\"\" data-medium-file=\"http:\/\/www.omniro.de\/Gipfelbuch\/blog-jr\/wp-content\/uploads\/2009\/08\/2009-08-04_20-37-52-Fr\u00e4nkische-Schweiz-IMG_5782-199x300.jpg\" data-large-file=\"http:\/\/www.omniro.de\/Gipfelbuch\/blog-jr\/wp-content\/uploads\/2009\/08\/2009-08-04_20-37-52-Fr\u00e4nkische-Schweiz-IMG_5782.jpg\" decoding=\"async\" loading=\"lazy\" src=\"http:\/\/www.omniro.de\/Gipfelbuch\/blog-jr\/wp-content\/uploads\/2009\/08\/2009-08-04_20-37-52-Fr\u00e4nkische-Schweiz-IMG_5782.jpg\" alt=\"2009-08-04_20-37-52-Fr\u00e4nkische Schweiz-IMG_5782\" title=\"2009-08-04_20-37-52-Fr\u00e4nkische Schweiz-IMG_5782\" width=\"333\" height=\"500\" class=\"aligncenter size-full wp-image-305\" srcset=\"http:\/\/www.omniro.de\/Gipfelbuch\/blog-jr\/wp-content\/uploads\/2009\/08\/2009-08-04_20-37-52-Fr\u00e4nkische-Schweiz-IMG_5782.jpg 333w, http:\/\/www.omniro.de\/Gipfelbuch\/blog-jr\/wp-content\/uploads\/2009\/08\/2009-08-04_20-37-52-Fr\u00e4nkische-Schweiz-IMG_5782-199x300.jpg 199w\" sizes=\"(max-width: 333px) 100vw, 333px\" \/><\/p>\n<p>Zum Abschlu\u00df noch einmal die echte Marytissima im Vorstieg geklettert. Im Unteren Bereich an einer Sanduhr eine Zusatzsicherung gesetzt. Im oberen Bereich einen Friend in ein Loch gesetzt, der aber schon beim Testen aus der Wand ri\u00df. F\u00fcr einen Klemmkeil fand ich auch nichts. Also ohne Sicherung weiter. Sch\u00f6ne Route deren Hauptschwierigkeit erst am Umlenker kommt. Wenig zum halten und irgendwie muss das Seil festgemacht werden. Habe es f\u00fcr mich mit einer Exe gel\u00f6st und als ich gesichert war das ganze mit einem Schraubkarabiner erg\u00e4nzt.<\/p>\n","protected":false},"excerpt":{"rendered":"<p>Fr\u00e4nkische Schweiz Link zur Frankenjura Info N 49.68063 E 11.40945 Mit dem Besenritt 4 fingen wir an. Im unteren Bereich noch Tricky f\u00fcr die Kids, im Mittelteil leicht, oben ein Quergang zum Ring. Von dort die Hexenmeister 7- mit Hilfe den \u00dcberhang gemeistert. Das Ding sieht leichter aus. Im Vorstieg wird\u2019s dann wahrscheinlich schwer. Irgendwann [&hellip;]<\/p>\n","protected":false},"author":1,"featured_media":0,"comment_status":"open","ping_status":"open","sticky":false,"template":"","format":"standard","meta":{"ngg_post_thumbnail":0,"jetpack_post_was_ever_published":false,"_jetpack_newsletter_access":"","jetpack_publicize_message":"","jetpack_is_tweetstorm":false,"jetpack_publicize_feature_enabled":true,"jetpack_social_post_already_shared":false,"jetpack_social_options":{"image_generator_settings":{"template":"highway","enabled":false}}},"categories":[36,35,41,31,69,67,70,11,10,3],"tags":[],"jetpack_publicize_connections":[],"jetpack_featured_media_url":"","jetpack_sharing_enabled":true,"jetpack_shortlink":"https:\/\/wp.me\/p34XEX-4K","_links":{"self":[{"href":"http:\/\/www.omniro.de\/Gipfelbuch\/blog-jr\/wp-json\/wp\/v2\/posts\/294"}],"collection":[{"href":"http:\/\/www.omniro.de\/Gipfelbuch\/blog-jr\/wp-json\/wp\/v2\/posts"}],"about":[{"href":"http:\/\/www.omniro.de\/Gipfelbuch\/blog-jr\/wp-json\/wp\/v2\/types\/post"}],"author":[{"embeddable":true,"href":"http:\/\/www.omniro.de\/Gipfelbuch\/blog-jr\/wp-json\/wp\/v2\/users\/1"}],"replies":[{"embeddable":true,"href":"http:\/\/www.omniro.de\/Gipfelbuch\/blog-jr\/wp-json\/wp\/v2\/comments?post=294"}],"version-history":[{"count":11,"href":"http:\/\/www.omniro.de\/Gipfelbuch\/blog-jr\/wp-json\/wp\/v2\/posts\/294\/revisions"}],"predecessor-version":[{"id":309,"href":"http:\/\/www.omniro.de\/Gipfelbuch\/blog-jr\/wp-json\/wp\/v2\/posts\/294\/revisions\/309"}],"wp:attachment":[{"href":"http:\/\/www.omniro.de\/Gipfelbuch\/blog-jr\/wp-json\/wp\/v2\/media?parent=294"}],"wp:term":[{"taxonomy":"category","embeddable":true,"href":"http:\/\/www.omniro.de\/Gipfelbuch\/blog-jr\/wp-json\/wp\/v2\/categories?post=294"},{"taxonomy":"post_tag","embeddable":true,"href":"http:\/\/www.omniro.de\/Gipfelbuch\/blog-jr\/wp-json\/wp\/v2\/tags?post=294"}],"curies":[{"name":"wp","href":"https:\/\/api.w.org\/{rel}","templated":true}]}}