{"id":3,"date":"2009-06-10T16:33:45","date_gmt":"2009-06-10T14:33:45","guid":{"rendered":"http:\/\/www.omniro.de\/Gipfelbuch\/blog-jr\/?p=3"},"modified":"2009-08-27T11:22:43","modified_gmt":"2009-08-27T09:22:43","slug":"3","status":"publish","type":"post","link":"http:\/\/www.omniro.de\/Gipfelbuch\/blog-jr\/2009\/06\/3\/","title":{"rendered":"Hohenstein, Odenwald"},"content":{"rendered":"<h3><strong><span style=\"text-decoration: underline;\"><a title=\"Felsinfo\" href=\"http:\/\/www.dav-felsinfo.de\/ajaxdav\/?3=16-08-002\" target=\"_blank\">Hohenstein, Odenwald<\/a><\/span><\/strong><\/h3>\n<p>Vorstieg Nr. 37: <strong>Weg der Jugend 5-<\/strong><\/p>\n<p>Im ersten Versuch rechte Linie gew\u00e4hlt. Abgerutscht und ins Seil gefallen. Svenja weit nachgezogen. Wir waren ziemlich erschrocken.<br \/>\nIm zweiten Versuch rechte Variante und direkten Weg gew\u00e4hlt. Problemlos.<br \/>\nIm Nachstieg: Sch\u00f6ne Genu\u00dftour<\/p>\n<p>Nachstieg Nr. 39 \/ 40: <strong>Kleingriffiges W\u00e4ndchen 5 \/ 5+<\/strong><\/p>\n<p>Sch\u00f6ne Route mit guten, gro\u00dfen Griffen, wenn man sie findet. Direkter Weg zum Schild gew\u00e4hlt. Oberhalb Schild leichter, obwohl als schwieriger eingestuft. Habe ich den falschen Weg gew\u00e4hlt?<\/p>\n","protected":false},"excerpt":{"rendered":"<p>Hohenstein, Odenwald Vorstieg Nr. 37: Weg der Jugend 5- Im ersten Versuch rechte Linie gew\u00e4hlt. Abgerutscht und ins Seil gefallen. Svenja weit nachgezogen. Wir waren ziemlich erschrocken. Im zweiten Versuch rechte Variante und direkten Weg gew\u00e4hlt. Problemlos. Im Nachstieg: Sch\u00f6ne Genu\u00dftour Nachstieg Nr. 39 \/ 40: Kleingriffiges W\u00e4ndchen 5 \/ 5+ Sch\u00f6ne Route mit guten, [&hellip;]<\/p>\n","protected":false},"author":1,"featured_media":0,"comment_status":"open","ping_status":"open","sticky":false,"template":"","format":"standard","meta":{"ngg_post_thumbnail":0,"jetpack_post_was_ever_published":false,"_jetpack_newsletter_access":"","jetpack_publicize_message":"","jetpack_is_tweetstorm":false,"jetpack_publicize_feature_enabled":true,"jetpack_social_post_already_shared":false,"jetpack_social_options":{"image_generator_settings":{"template":"highway","enabled":false}}},"categories":[3,4,87,5,79],"tags":[],"jetpack_publicize_connections":[],"jetpack_featured_media_url":"","jetpack_sharing_enabled":true,"jetpack_shortlink":"https:\/\/wp.me\/s34XEX-3","_links":{"self":[{"href":"http:\/\/www.omniro.de\/Gipfelbuch\/blog-jr\/wp-json\/wp\/v2\/posts\/3"}],"collection":[{"href":"http:\/\/www.omniro.de\/Gipfelbuch\/blog-jr\/wp-json\/wp\/v2\/posts"}],"about":[{"href":"http:\/\/www.omniro.de\/Gipfelbuch\/blog-jr\/wp-json\/wp\/v2\/types\/post"}],"author":[{"embeddable":true,"href":"http:\/\/www.omniro.de\/Gipfelbuch\/blog-jr\/wp-json\/wp\/v2\/users\/1"}],"replies":[{"embeddable":true,"href":"http:\/\/www.omniro.de\/Gipfelbuch\/blog-jr\/wp-json\/wp\/v2\/comments?post=3"}],"version-history":[{"count":7,"href":"http:\/\/www.omniro.de\/Gipfelbuch\/blog-jr\/wp-json\/wp\/v2\/posts\/3\/revisions"}],"predecessor-version":[{"id":375,"href":"http:\/\/www.omniro.de\/Gipfelbuch\/blog-jr\/wp-json\/wp\/v2\/posts\/3\/revisions\/375"}],"wp:attachment":[{"href":"http:\/\/www.omniro.de\/Gipfelbuch\/blog-jr\/wp-json\/wp\/v2\/media?parent=3"}],"wp:term":[{"taxonomy":"category","embeddable":true,"href":"http:\/\/www.omniro.de\/Gipfelbuch\/blog-jr\/wp-json\/wp\/v2\/categories?post=3"},{"taxonomy":"post_tag","embeddable":true,"href":"http:\/\/www.omniro.de\/Gipfelbuch\/blog-jr\/wp-json\/wp\/v2\/tags?post=3"}],"curies":[{"name":"wp","href":"https:\/\/api.w.org\/{rel}","templated":true}]}}