{"id":310,"date":"2009-08-05T22:45:15","date_gmt":"2009-08-05T20:45:15","guid":{"rendered":"http:\/\/www.omniro.de\/Gipfelbuch\/blog-jr\/?p=310"},"modified":"2009-08-10T19:25:44","modified_gmt":"2009-08-10T17:25:44","slug":"leupoldsteiner-sudwand","status":"publish","type":"post","link":"http:\/\/www.omniro.de\/Gipfelbuch\/blog-jr\/2009\/08\/leupoldsteiner-sudwand\/","title":{"rendered":"Leupoldsteiner S\u00fcdwand"},"content":{"rendered":"<p><strong>Herrenschneider (Fensterspalte) 6+  <\/strong><br \/>\nNachdem ich Pfingsten den Michael in dieser Route gesehen hatte, habe ich von ihr getr\u00e4umt. Oft, so hat er erz\u00e4hlt, hat er sie versucht. An dem Tag, an dem wir dort waren, hat er sie geschafft.<\/p>\n<p><img data-attachment-id=\"314\" data-permalink=\"http:\/\/www.omniro.de\/Gipfelbuch\/blog-jr\/2009\/08\/leupoldsteiner-sudwand\/2009-08-05_13-25-42-frankische-schweiz-_mg_6441\/\" data-orig-file=\"http:\/\/www.omniro.de\/Gipfelbuch\/blog-jr\/wp-content\/uploads\/2009\/08\/2009-08-05_13-25-42-Fr\u00e4nkische-Schweiz-_MG_6441.jpg\" data-orig-size=\"333,500\" data-comments-opened=\"1\" data-image-meta=\"{&quot;aperture&quot;:&quot;0&quot;,&quot;credit&quot;:&quot;&quot;,&quot;camera&quot;:&quot;&quot;,&quot;caption&quot;:&quot;&quot;,&quot;created_timestamp&quot;:&quot;0&quot;,&quot;copyright&quot;:&quot;www.foto.omniro.de&quot;,&quot;focal_length&quot;:&quot;0&quot;,&quot;iso&quot;:&quot;0&quot;,&quot;shutter_speed&quot;:&quot;0&quot;,&quot;title&quot;:&quot;&quot;}\" data-image-title=\"2009-08-05_13-25-42-Fr\u00e4nkische Schweiz-_MG_6441\" data-image-description=\"\" data-image-caption=\"\" data-medium-file=\"http:\/\/www.omniro.de\/Gipfelbuch\/blog-jr\/wp-content\/uploads\/2009\/08\/2009-08-05_13-25-42-Fr\u00e4nkische-Schweiz-_MG_6441-199x300.jpg\" data-large-file=\"http:\/\/www.omniro.de\/Gipfelbuch\/blog-jr\/wp-content\/uploads\/2009\/08\/2009-08-05_13-25-42-Fr\u00e4nkische-Schweiz-_MG_6441.jpg\" decoding=\"async\" loading=\"lazy\" src=\"http:\/\/www.omniro.de\/Gipfelbuch\/blog-jr\/wp-content\/uploads\/2009\/08\/2009-08-05_13-25-42-Fr\u00e4nkische-Schweiz-_MG_6441.jpg\" alt=\"2009-08-05_13-25-42-Fr\u00e4nkische Schweiz-_MG_6441\" title=\"2009-08-05_13-25-42-Fr\u00e4nkische Schweiz-_MG_6441\" width=\"333\" height=\"500\" class=\"aligncenter size-full wp-image-314\" srcset=\"http:\/\/www.omniro.de\/Gipfelbuch\/blog-jr\/wp-content\/uploads\/2009\/08\/2009-08-05_13-25-42-Fr\u00e4nkische-Schweiz-_MG_6441.jpg 333w, http:\/\/www.omniro.de\/Gipfelbuch\/blog-jr\/wp-content\/uploads\/2009\/08\/2009-08-05_13-25-42-Fr\u00e4nkische-Schweiz-_MG_6441-199x300.jpg 199w\" sizes=\"(max-width: 333px) 100vw, 333px\" \/><\/p>\n<p>Am Anfang sicherte mich Svenja, mittendrin fragte wir einen anderen Kletterer, ob er die Sicherung \u00fcbernehmen k\u00f6nnte. Ich baute mir einen Stand und wir wechselten.<br \/>\nBis zum \u00dcberhang war es eine sch\u00f6ne Kletterei, am \u00dcberhang h\u00e4ngte ich dann das Seil falsch in die Exe. Eine Kletterin wies mich auf den Fehler hin. Sp\u00e4ter kam ich drauf, wieso der Fehler zustande kam. Ich kletterte unter den \u00dcberhang, nach innen, das Seil verlief also richtig, wenn ich dann aber au\u00dfen am \u00dcberhang weiterkletterte wandelte sich das.<br \/>\nAber weiter.<br \/>\nDen Haken am \u00dcberhang bringt man noch gut unter, dann kommt ein Untergriff rechts au\u00dfen. Diesen gegriffen, kann man nun weit nach oben fassen. F\u00fcr den rechten Fu\u00df gibt es ein Loch, nur f\u00fcr links fand ich nichts. Nach oben kam ich mit den H\u00e4nden in ein gro\u00dfes Loch, dass aber glatte Kanten hat. Jetzt mu\u00df man nach rechts auf den Fels fassen. Mir fehlte der Linke Standfu\u00df.<br \/>\nIch fiel das erste Mal ins Seil.<br \/>\nSvenja kam bei diesem Sturz mit der Sicherungshand in den Tube. Ich sicherte mich in einem B\u00fchler und fragte einen Kletterer, der Svenja zur Hilfe geeilt war, ob er mich sichern k\u00f6nnte. Aus den Gespr\u00e4chen der Kletterer untereinander wusste ich, dass er und seine Frau\/Freundin Kindergruppen anleiten. Insofern war ich zuversichtlich in seine F\u00e4higkeiten. Da er mir auch schon Infos zur Route gegeben hatte f\u00fchlte ich mich in guten H\u00e4nden.<br \/>\nBeim zweiten Versuch bekam ich wieder die F\u00fc\u00dfe nicht sortiert. Wieder schaffte ich bei H\u00e4nde in das Loch, doch dann fehlte mir die Kraft, um mich zum n\u00e4chsten Griff dynamisch hoch zu ziehen. Vielleicht brauche ich da einfach mehr Kraft. Der Sturz diesmal war nicht so tief. Beim dritten Versuch fiel ich daf\u00fcr gute zwei Meter weiter.<br \/>\nBeim n\u00e4chsten Versuch startete ich mit der linken Hand, brachte rechten und linken Fu\u00df das Loch, zog mich hoch und konnte jetzt den Fels links oben greifen.<br \/>\nNur nicht mehr los lassen. Ich griff mit der rechten Hand nach und jetzt kam ich \u00fcber den \u00dcberhang und hatte es geschafft.<br \/>\nNa\u00df geschwitzt und gl\u00fccklich kam ich unten an.<\/p>\n<p>Vorher hatte ich schon die <strong>Gourmet 6<\/strong> im Vorstieg geschafft (Weit unten einen Friend gelegt, der erste Haken ist erst in 5 Metern) und noch zwei Mal im Nachstieg.<\/p>\n<p>Und die <strong>Lochriss 5<\/strong> im Vorstieg und zweimal im Nachstieg.<br \/>\nIn der Mitte ist eine Stelle, wo man ein wenig suchen mu\u00df, wenn man den riesigen Henkel dann findet ist der Rest ein Genu\u00df.<\/p>\n","protected":false},"excerpt":{"rendered":"<p>Herrenschneider (Fensterspalte) 6+ Nachdem ich Pfingsten den Michael in dieser Route gesehen hatte, habe ich von ihr getr\u00e4umt. Oft, so hat er erz\u00e4hlt, hat er sie versucht. An dem Tag, an dem wir dort waren, hat er sie geschafft. Am Anfang sicherte mich Svenja, mittendrin fragte wir einen anderen Kletterer, ob er die Sicherung \u00fcbernehmen [&hellip;]<\/p>\n","protected":false},"author":1,"featured_media":0,"comment_status":"open","ping_status":"open","sticky":false,"template":"","format":"standard","meta":{"ngg_post_thumbnail":0,"jetpack_post_was_ever_published":false,"_jetpack_newsletter_access":"","jetpack_publicize_message":"","jetpack_is_tweetstorm":false,"jetpack_publicize_feature_enabled":true,"jetpack_social_post_already_shared":false,"jetpack_social_options":{"image_generator_settings":{"template":"highway","enabled":false}}},"categories":[55,32,42,11,57,3,22,71],"tags":[],"jetpack_publicize_connections":[],"jetpack_featured_media_url":"","jetpack_sharing_enabled":true,"jetpack_shortlink":"https:\/\/wp.me\/p34XEX-50","_links":{"self":[{"href":"http:\/\/www.omniro.de\/Gipfelbuch\/blog-jr\/wp-json\/wp\/v2\/posts\/310"}],"collection":[{"href":"http:\/\/www.omniro.de\/Gipfelbuch\/blog-jr\/wp-json\/wp\/v2\/posts"}],"about":[{"href":"http:\/\/www.omniro.de\/Gipfelbuch\/blog-jr\/wp-json\/wp\/v2\/types\/post"}],"author":[{"embeddable":true,"href":"http:\/\/www.omniro.de\/Gipfelbuch\/blog-jr\/wp-json\/wp\/v2\/users\/1"}],"replies":[{"embeddable":true,"href":"http:\/\/www.omniro.de\/Gipfelbuch\/blog-jr\/wp-json\/wp\/v2\/comments?post=310"}],"version-history":[{"count":6,"href":"http:\/\/www.omniro.de\/Gipfelbuch\/blog-jr\/wp-json\/wp\/v2\/posts\/310\/revisions"}],"predecessor-version":[{"id":317,"href":"http:\/\/www.omniro.de\/Gipfelbuch\/blog-jr\/wp-json\/wp\/v2\/posts\/310\/revisions\/317"}],"wp:attachment":[{"href":"http:\/\/www.omniro.de\/Gipfelbuch\/blog-jr\/wp-json\/wp\/v2\/media?parent=310"}],"wp:term":[{"taxonomy":"category","embeddable":true,"href":"http:\/\/www.omniro.de\/Gipfelbuch\/blog-jr\/wp-json\/wp\/v2\/categories?post=310"},{"taxonomy":"post_tag","embeddable":true,"href":"http:\/\/www.omniro.de\/Gipfelbuch\/blog-jr\/wp-json\/wp\/v2\/tags?post=310"}],"curies":[{"name":"wp","href":"https:\/\/api.w.org\/{rel}","templated":true}]}}