{"id":327,"date":"2009-08-07T19:40:24","date_gmt":"2009-08-07T17:40:24","guid":{"rendered":"http:\/\/www.omniro.de\/Gipfelbuch\/blog-jr\/?p=327"},"modified":"2009-08-10T23:20:57","modified_gmt":"2009-08-10T21:20:57","slug":"leupoldstein-2","status":"publish","type":"post","link":"http:\/\/www.omniro.de\/Gipfelbuch\/blog-jr\/2009\/08\/leupoldstein-2\/","title":{"rendered":"Leupoldstein"},"content":{"rendered":"<p>Inga hatte sich den Leupoldstein gew\u00fcnscht<\/p>\n<p><a href=\"http:\/\/www.klettern.frankenjura.com\/php3\/select_fels.php3?id=4-04-18\">Link zum Leupoldstein<br \/>\n<\/a>  49\u00b041&#8217;32.72&#8243;N  11\u00b023&#8217;26.81&#8243;E<\/p>\n<p>Den <strong>Brownriss 5- <\/strong>h\u00e4ngte ich als erstes ein. War im unteren Teil gar nicht so einfach. F\u00fcr die Kids verl\u00e4ngerte ich mit B\u00e4ndern die Haken und so konnten Inga und Svenja die Route auch im Vorstieg versuchen. Inga kam bis zu Mitte, dann sind die wenigen Griffe zu weit auseinander. Klasse! 5- im Vorstieg.<br \/>\nSvenja war nun herausgefordert und packte die Route in einem Zug und ging dabei sogar den schwereren Weg durch die Mitte.<\/p>\n<p><img data-attachment-id=\"332\" data-permalink=\"http:\/\/www.omniro.de\/Gipfelbuch\/blog-jr\/2009\/08\/leupoldstein-2\/2009-08-07_10-34-23-frankische-schweiz-img_5838\/\" data-orig-file=\"http:\/\/www.omniro.de\/Gipfelbuch\/blog-jr\/wp-content\/uploads\/2009\/08\/2009-08-07_10-34-23-Fr\u00e4nkische-Schweiz-IMG_5838.jpg\" data-orig-size=\"333,500\" data-comments-opened=\"1\" data-image-meta=\"{&quot;aperture&quot;:&quot;0&quot;,&quot;credit&quot;:&quot;&quot;,&quot;camera&quot;:&quot;&quot;,&quot;caption&quot;:&quot;&quot;,&quot;created_timestamp&quot;:&quot;0&quot;,&quot;copyright&quot;:&quot;www.foto.omniro.de&quot;,&quot;focal_length&quot;:&quot;0&quot;,&quot;iso&quot;:&quot;0&quot;,&quot;shutter_speed&quot;:&quot;0&quot;,&quot;title&quot;:&quot;&quot;}\" data-image-title=\"2009-08-07_10-34-23-Fr\u00e4nkische Schweiz-IMG_5838\" data-image-description=\"\" data-image-caption=\"\" data-medium-file=\"http:\/\/www.omniro.de\/Gipfelbuch\/blog-jr\/wp-content\/uploads\/2009\/08\/2009-08-07_10-34-23-Fr\u00e4nkische-Schweiz-IMG_5838-199x300.jpg\" data-large-file=\"http:\/\/www.omniro.de\/Gipfelbuch\/blog-jr\/wp-content\/uploads\/2009\/08\/2009-08-07_10-34-23-Fr\u00e4nkische-Schweiz-IMG_5838.jpg\" decoding=\"async\" loading=\"lazy\" src=\"http:\/\/www.omniro.de\/Gipfelbuch\/blog-jr\/wp-content\/uploads\/2009\/08\/2009-08-07_10-34-23-Fr\u00e4nkische-Schweiz-IMG_5838.jpg\" alt=\"2009-08-07_10-34-23-Fr\u00e4nkische Schweiz-IMG_5838\" title=\"2009-08-07_10-34-23-Fr\u00e4nkische Schweiz-IMG_5838\" width=\"333\" height=\"500\" class=\"aligncenter size-full wp-image-332\" srcset=\"http:\/\/www.omniro.de\/Gipfelbuch\/blog-jr\/wp-content\/uploads\/2009\/08\/2009-08-07_10-34-23-Fr\u00e4nkische-Schweiz-IMG_5838.jpg 333w, http:\/\/www.omniro.de\/Gipfelbuch\/blog-jr\/wp-content\/uploads\/2009\/08\/2009-08-07_10-34-23-Fr\u00e4nkische-Schweiz-IMG_5838-199x300.jpg 199w\" sizes=\"(max-width: 333px) 100vw, 333px\" \/><\/p>\n<p>Als n\u00e4chstes kam der <strong>Gourmet 6<\/strong> dran. Auch diesmal legte ich den 1er Friend weiter unten. Gibt ein besseres Gef\u00fchl. Im Nachstieg war es zum Abschlu\u00df eine Genu\u00dftour.<br \/>\nDann wechselten wir auf die Nordseite. Inga wollte den <strong>Weg durch das Auenland  4<\/strong> im Vorstieg klettern. Ich war so bl\u00f6de sie zu lassen, ohne die Tour selbst zu gehen. Einige lose Steine und Haken, die zu weit auseinander stehen. Nix f\u00fcr Kids. Noch dazu ist die Sturzzone echt gef\u00e4hrlich. Dann lieber eine 5 und kein Problem, falls man mal st\u00fcrzt.<br \/>\nInga kam unter dem zweiten Haken in Schwierigkeiten und ein Kletterer aus der Nachbarroute eilte ihr zur Hilfe und hing das Seil in den Haken ein. So konnte ich sie ablassen und Svenja machte dann die Tour im Vorstieg (aber auch da h\u00e4tte ich noch ein paar Keile setzen sollen) Hat sie gut gemacht!<br \/>\nAnschlie\u00dfend noch <strong>La belle du jour 5<\/strong>. Ewigst viele Exenhaken. Wenn man die Route zum ersten Mal klettert, ist sie gar nicht so einfach und ich war froh, alle Exenhaken benutzen zu k\u00f6nnen. Wenn man mal alle Griffe kennt und die Richtungswechsel, ist das sicher eine geniale Route. Svenja ist sie dann auch noch im Nachstieg geklettert.<br \/>\n<img data-attachment-id=\"333\" data-permalink=\"http:\/\/www.omniro.de\/Gipfelbuch\/blog-jr\/2009\/08\/leupoldstein-2\/2009-08-07_13-23-56-frankische-schweiz-img_5841\/\" data-orig-file=\"http:\/\/www.omniro.de\/Gipfelbuch\/blog-jr\/wp-content\/uploads\/2009\/08\/2009-08-07_13-23-56-Fr\u00e4nkische-Schweiz-IMG_5841.jpg\" data-orig-size=\"333,500\" data-comments-opened=\"1\" data-image-meta=\"{&quot;aperture&quot;:&quot;0&quot;,&quot;credit&quot;:&quot;&quot;,&quot;camera&quot;:&quot;&quot;,&quot;caption&quot;:&quot;&quot;,&quot;created_timestamp&quot;:&quot;0&quot;,&quot;copyright&quot;:&quot;www.foto.omniro.de&quot;,&quot;focal_length&quot;:&quot;0&quot;,&quot;iso&quot;:&quot;0&quot;,&quot;shutter_speed&quot;:&quot;0&quot;,&quot;title&quot;:&quot;&quot;}\" data-image-title=\"2009-08-07_13-23-56-Fr\u00e4nkische Schweiz-IMG_5841\" data-image-description=\"\" data-image-caption=\"\" data-medium-file=\"http:\/\/www.omniro.de\/Gipfelbuch\/blog-jr\/wp-content\/uploads\/2009\/08\/2009-08-07_13-23-56-Fr\u00e4nkische-Schweiz-IMG_5841-199x300.jpg\" data-large-file=\"http:\/\/www.omniro.de\/Gipfelbuch\/blog-jr\/wp-content\/uploads\/2009\/08\/2009-08-07_13-23-56-Fr\u00e4nkische-Schweiz-IMG_5841.jpg\" decoding=\"async\" loading=\"lazy\" src=\"http:\/\/www.omniro.de\/Gipfelbuch\/blog-jr\/wp-content\/uploads\/2009\/08\/2009-08-07_13-23-56-Fr\u00e4nkische-Schweiz-IMG_5841.jpg\" alt=\"2009-08-07_13-23-56-Fr\u00e4nkische Schweiz-IMG_5841\" title=\"2009-08-07_13-23-56-Fr\u00e4nkische Schweiz-IMG_5841\" width=\"333\" height=\"500\" class=\"aligncenter size-full wp-image-333\" srcset=\"http:\/\/www.omniro.de\/Gipfelbuch\/blog-jr\/wp-content\/uploads\/2009\/08\/2009-08-07_13-23-56-Fr\u00e4nkische-Schweiz-IMG_5841.jpg 333w, http:\/\/www.omniro.de\/Gipfelbuch\/blog-jr\/wp-content\/uploads\/2009\/08\/2009-08-07_13-23-56-Fr\u00e4nkische-Schweiz-IMG_5841-199x300.jpg 199w\" sizes=\"(max-width: 333px) 100vw, 333px\" \/><\/p>\n","protected":false},"excerpt":{"rendered":"<p>Inga hatte sich den Leupoldstein gew\u00fcnscht Link zum Leupoldstein 49\u00b041&#8217;32.72&#8243;N 11\u00b023&#8217;26.81&#8243;E Den Brownriss 5- h\u00e4ngte ich als erstes ein. War im unteren Teil gar nicht so einfach. F\u00fcr die Kids verl\u00e4ngerte ich mit B\u00e4ndern die Haken und so konnten Inga und Svenja die Route auch im Vorstieg versuchen. Inga kam bis zu Mitte, dann sind [&hellip;]<\/p>\n","protected":false},"author":1,"featured_media":0,"comment_status":"open","ping_status":"open","sticky":false,"template":"","format":"standard","meta":{"ngg_post_thumbnail":0,"jetpack_post_was_ever_published":false,"_jetpack_newsletter_access":"","jetpack_publicize_message":"","jetpack_is_tweetstorm":false,"jetpack_publicize_feature_enabled":true,"jetpack_social_post_already_shared":false,"jetpack_social_options":{"image_generator_settings":{"template":"highway","enabled":false}}},"categories":[36,55,34,32,11,10,3,22,71],"tags":[],"jetpack_publicize_connections":[],"jetpack_featured_media_url":"","jetpack_sharing_enabled":true,"jetpack_shortlink":"https:\/\/wp.me\/p34XEX-5h","_links":{"self":[{"href":"http:\/\/www.omniro.de\/Gipfelbuch\/blog-jr\/wp-json\/wp\/v2\/posts\/327"}],"collection":[{"href":"http:\/\/www.omniro.de\/Gipfelbuch\/blog-jr\/wp-json\/wp\/v2\/posts"}],"about":[{"href":"http:\/\/www.omniro.de\/Gipfelbuch\/blog-jr\/wp-json\/wp\/v2\/types\/post"}],"author":[{"embeddable":true,"href":"http:\/\/www.omniro.de\/Gipfelbuch\/blog-jr\/wp-json\/wp\/v2\/users\/1"}],"replies":[{"embeddable":true,"href":"http:\/\/www.omniro.de\/Gipfelbuch\/blog-jr\/wp-json\/wp\/v2\/comments?post=327"}],"version-history":[{"count":6,"href":"http:\/\/www.omniro.de\/Gipfelbuch\/blog-jr\/wp-json\/wp\/v2\/posts\/327\/revisions"}],"predecessor-version":[{"id":343,"href":"http:\/\/www.omniro.de\/Gipfelbuch\/blog-jr\/wp-json\/wp\/v2\/posts\/327\/revisions\/343"}],"wp:attachment":[{"href":"http:\/\/www.omniro.de\/Gipfelbuch\/blog-jr\/wp-json\/wp\/v2\/media?parent=327"}],"wp:term":[{"taxonomy":"category","embeddable":true,"href":"http:\/\/www.omniro.de\/Gipfelbuch\/blog-jr\/wp-json\/wp\/v2\/categories?post=327"},{"taxonomy":"post_tag","embeddable":true,"href":"http:\/\/www.omniro.de\/Gipfelbuch\/blog-jr\/wp-json\/wp\/v2\/tags?post=327"}],"curies":[{"name":"wp","href":"https:\/\/api.w.org\/{rel}","templated":true}]}}