{"id":336600,"date":"2015-10-01T10:00:22","date_gmt":"2015-10-01T08:00:22","guid":{"rendered":"http:\/\/www.omniro.de\/Gipfelbuch\/blog-jr\/?p=336600"},"modified":"2015-10-01T10:00:23","modified_gmt":"2015-10-01T08:00:23","slug":"schweden-bohuslan-klaettring-i-goeteborg","status":"publish","type":"post","link":"http:\/\/www.omniro.de\/Gipfelbuch\/blog-jr\/2015\/10\/schweden-bohuslan-klaettring-i-goeteborg\/","title":{"rendered":"Schweden: Bohuslan &#8211; Kl\u00e4ttring i G\u00f6teborg"},"content":{"rendered":"<p>Dieses Jahr ging es nach Schweden. Ob man da klettern kann? Ja, man kann.<\/p>\n<p>An der Westk\u00fcste bezogen wir einen <a href=\"http:\/\/womo.omniro.de\/2015\/08\/31\/schweden-2015-fjaellbacka-schaeren-sonne-schwedenhaeuschen\/\" target=\"_blank\">Campingplatz in Fj\u00e4llbacka <\/a>und von dort aus wollten wir Touren zu Kletterfelsen machen.<\/p>\n<p>Von einem P\u00e4rchen, dass ein komplettes Kletterjahr einlegt und durch Europa tourt, hatte ich mir ihren Kletterf\u00fchrer und einige Tips geholt.<br \/>\nUnd um es gleich zu sagen: Der Kletterf\u00fchrer ist in Schweden viel zu teuer. F\u00fcr die Informationen sind 45 Euro echt zu viel. Aber was will man machen.<br \/>\nAm ersten Fels habe ich ich mir aus einem anderen F\u00fchrer einige Seiten abfotografiert.<\/p>\n<p><a href=\"http:\/\/www.omniro.de\/Gipfelbuch\/blog-jr\/2015\/10\/schweden-bohuslan-klaettring-i-goeteborg\/klaettring-i-goeteborg\/\" rel=\"attachment wp-att-336601\"><img data-attachment-id=\"336601\" data-permalink=\"http:\/\/www.omniro.de\/Gipfelbuch\/blog-jr\/2015\/10\/schweden-bohuslan-klaettring-i-goeteborg\/klaettring-i-goeteborg\/\" data-orig-file=\"http:\/\/www.omniro.de\/Gipfelbuch\/blog-jr\/wp-content\/uploads\/2015\/10\/Kl\u00e4ttring-i-G\u00f6teborg.jpg\" data-orig-size=\"800,1201\" data-comments-opened=\"1\" data-image-meta=\"{&quot;aperture&quot;:&quot;3.5&quot;,&quot;credit&quot;:&quot;&quot;,&quot;camera&quot;:&quot;Canon PowerShot SX270 HS&quot;,&quot;caption&quot;:&quot;&quot;,&quot;created_timestamp&quot;:&quot;1443693191&quot;,&quot;copyright&quot;:&quot;&quot;,&quot;focal_length&quot;:&quot;4.5&quot;,&quot;iso&quot;:&quot;1600&quot;,&quot;shutter_speed&quot;:&quot;0.005&quot;,&quot;title&quot;:&quot;&quot;,&quot;orientation&quot;:&quot;1&quot;}\" data-image-title=\"Kl\u00e4ttring i G\u00f6teborg\" data-image-description=\"\" data-image-caption=\"\" data-medium-file=\"http:\/\/www.omniro.de\/Gipfelbuch\/blog-jr\/wp-content\/uploads\/2015\/10\/Kl\u00e4ttring-i-G\u00f6teborg-200x300.jpg\" data-large-file=\"http:\/\/www.omniro.de\/Gipfelbuch\/blog-jr\/wp-content\/uploads\/2015\/10\/Kl\u00e4ttring-i-G\u00f6teborg-682x1024.jpg\" decoding=\"async\" loading=\"lazy\" class=\"aligncenter size-full wp-image-336601\" src=\"http:\/\/www.omniro.de\/Gipfelbuch\/blog-jr\/wp-content\/uploads\/2015\/10\/Kl\u00e4ttring-i-G\u00f6teborg.jpg\" alt=\"Kl\u00e4ttring i G\u00f6teborg\" width=\"800\" height=\"1201\" srcset=\"http:\/\/www.omniro.de\/Gipfelbuch\/blog-jr\/wp-content\/uploads\/2015\/10\/Kl\u00e4ttring-i-G\u00f6teborg.jpg 800w, http:\/\/www.omniro.de\/Gipfelbuch\/blog-jr\/wp-content\/uploads\/2015\/10\/Kl\u00e4ttring-i-G\u00f6teborg-200x300.jpg 200w, http:\/\/www.omniro.de\/Gipfelbuch\/blog-jr\/wp-content\/uploads\/2015\/10\/Kl\u00e4ttring-i-G\u00f6teborg-682x1024.jpg 682w\" sizes=\"(max-width: 800px) 100vw, 800px\" \/><\/a><\/p>\n","protected":false},"excerpt":{"rendered":"<p>Dieses Jahr ging es nach Schweden. Ob man da klettern kann? Ja, man kann. An der Westk\u00fcste bezogen wir einen Campingplatz in Fj\u00e4llbacka und von dort aus wollten wir Touren zu Kletterfelsen machen. Von einem P\u00e4rchen, dass ein komplettes Kletterjahr einlegt und durch Europa tourt, hatte ich mir ihren Kletterf\u00fchrer und einige Tips geholt. Und [&hellip;]<\/p>\n","protected":false},"author":1,"featured_media":0,"comment_status":"open","ping_status":"open","sticky":false,"template":"","format":"standard","meta":{"ngg_post_thumbnail":0,"jetpack_post_was_ever_published":false,"_jetpack_newsletter_access":"","jetpack_publicize_message":"","jetpack_is_tweetstorm":false,"jetpack_publicize_feature_enabled":true,"jetpack_social_post_already_shared":true,"jetpack_social_options":{"image_generator_settings":{"template":"highway","enabled":false}}},"categories":[1],"tags":[],"jetpack_publicize_connections":[],"jetpack_featured_media_url":"","jetpack_sharing_enabled":true,"jetpack_shortlink":"https:\/\/wp.me\/p34XEX-1pz2","_links":{"self":[{"href":"http:\/\/www.omniro.de\/Gipfelbuch\/blog-jr\/wp-json\/wp\/v2\/posts\/336600"}],"collection":[{"href":"http:\/\/www.omniro.de\/Gipfelbuch\/blog-jr\/wp-json\/wp\/v2\/posts"}],"about":[{"href":"http:\/\/www.omniro.de\/Gipfelbuch\/blog-jr\/wp-json\/wp\/v2\/types\/post"}],"author":[{"embeddable":true,"href":"http:\/\/www.omniro.de\/Gipfelbuch\/blog-jr\/wp-json\/wp\/v2\/users\/1"}],"replies":[{"embeddable":true,"href":"http:\/\/www.omniro.de\/Gipfelbuch\/blog-jr\/wp-json\/wp\/v2\/comments?post=336600"}],"version-history":[{"count":2,"href":"http:\/\/www.omniro.de\/Gipfelbuch\/blog-jr\/wp-json\/wp\/v2\/posts\/336600\/revisions"}],"predecessor-version":[{"id":336603,"href":"http:\/\/www.omniro.de\/Gipfelbuch\/blog-jr\/wp-json\/wp\/v2\/posts\/336600\/revisions\/336603"}],"wp:attachment":[{"href":"http:\/\/www.omniro.de\/Gipfelbuch\/blog-jr\/wp-json\/wp\/v2\/media?parent=336600"}],"wp:term":[{"taxonomy":"category","embeddable":true,"href":"http:\/\/www.omniro.de\/Gipfelbuch\/blog-jr\/wp-json\/wp\/v2\/categories?post=336600"},{"taxonomy":"post_tag","embeddable":true,"href":"http:\/\/www.omniro.de\/Gipfelbuch\/blog-jr\/wp-json\/wp\/v2\/tags?post=336600"}],"curies":[{"name":"wp","href":"https:\/\/api.w.org\/{rel}","templated":true}]}}