{"id":336696,"date":"2015-10-14T23:02:40","date_gmt":"2015-10-14T21:02:40","guid":{"rendered":"http:\/\/www.omniro.de\/Gipfelbuch\/blog-jr\/?p=336696"},"modified":"2015-10-14T23:03:41","modified_gmt":"2015-10-14T21:03:41","slug":"schriesheim-ende-september-doch-nicht-mehr-heiss-oder","status":"publish","type":"post","link":"http:\/\/www.omniro.de\/Gipfelbuch\/blog-jr\/2015\/10\/schriesheim-ende-september-doch-nicht-mehr-heiss-oder\/","title":{"rendered":"Schriesheim &#8211; Ende September doch nicht mehr hei\u00df, oder?"},"content":{"rendered":"<p><a href=\"http:\/\/www.omniro.de\/Gipfelbuch\/blog-jr\/2014\/10\/schriesheim-sonniger-saisonabschluss\/2014-10-19_15-35-43_schriesheim_img_1487-1600\/\" rel=\"attachment wp-att-336443\"><br \/>\n<\/a>Die Jungs aus der Klettergruppe gehen nach Schriesheim und ich h\u00e4nge mich an.<\/p>\n<p>Wir starten in der dritten\u00a0Ebene im Sektor Cassin. Und weils so sch\u00f6n passt die Route Cassin 6-<br \/>\nDer erste Haken sehr hoch, aber bis dahin ist es einfach.<br \/>\nMit dem ersten Haken im Kreuz, klettert es sich munter weiter. Erst ganz oben gibt es noch ein wenig zu knobeln, bevor man am Umlenker angekommen ist.<\/p>\n<p>Ich mag solche Touren.<img data-attachment-id=\"336443\" data-permalink=\"http:\/\/www.omniro.de\/Gipfelbuch\/blog-jr\/2014\/10\/schriesheim-sonniger-saisonabschluss\/2014-10-19_15-35-43_schriesheim_img_1487-1600\/\" data-orig-file=\"http:\/\/www.omniro.de\/Gipfelbuch\/blog-jr\/wp-content\/uploads\/2014\/10\/2014-10-19_15-35-43_Schriesheim_IMG_1487-1600.jpg\" data-orig-size=\"1600,1066\" data-comments-opened=\"1\" data-image-meta=\"{&quot;aperture&quot;:&quot;3.5&quot;,&quot;credit&quot;:&quot;J\\u00fcrgen Rode&quot;,&quot;camera&quot;:&quot;Canon PowerShot SX270 HS&quot;,&quot;caption&quot;:&quot;&quot;,&quot;created_timestamp&quot;:&quot;1413732943&quot;,&quot;copyright&quot;:&quot;www.omniro.de&quot;,&quot;focal_length&quot;:&quot;4.5&quot;,&quot;iso&quot;:&quot;80&quot;,&quot;shutter_speed&quot;:&quot;0.0008&quot;,&quot;title&quot;:&quot;&quot;}\" data-image-title=\"2014-10-19_15-35-43_Schriesheim_IMG_1487-1600\" data-image-description=\"\" data-image-caption=\"\" data-medium-file=\"http:\/\/www.omniro.de\/Gipfelbuch\/blog-jr\/wp-content\/uploads\/2014\/10\/2014-10-19_15-35-43_Schriesheim_IMG_1487-1600-300x199.jpg\" data-large-file=\"http:\/\/www.omniro.de\/Gipfelbuch\/blog-jr\/wp-content\/uploads\/2014\/10\/2014-10-19_15-35-43_Schriesheim_IMG_1487-1600-1024x682.jpg\" decoding=\"async\" loading=\"lazy\" class=\"aligncenter size-large wp-image-336443\" src=\"http:\/\/www.omniro.de\/Gipfelbuch\/blog-jr\/wp-content\/uploads\/2014\/10\/2014-10-19_15-35-43_Schriesheim_IMG_1487-1600-1024x682.jpg\" alt=\"2014-10-19_15-35-43_Schriesheim_IMG_1487-1600\" width=\"1024\" height=\"682\" srcset=\"http:\/\/www.omniro.de\/Gipfelbuch\/blog-jr\/wp-content\/uploads\/2014\/10\/2014-10-19_15-35-43_Schriesheim_IMG_1487-1600-1024x682.jpg 1024w, http:\/\/www.omniro.de\/Gipfelbuch\/blog-jr\/wp-content\/uploads\/2014\/10\/2014-10-19_15-35-43_Schriesheim_IMG_1487-1600-300x199.jpg 300w, http:\/\/www.omniro.de\/Gipfelbuch\/blog-jr\/wp-content\/uploads\/2014\/10\/2014-10-19_15-35-43_Schriesheim_IMG_1487-1600.jpg 1600w\" sizes=\"(max-width: 1024px) 100vw, 1024px\" \/><\/p>\n<p>Da wir schon einmal da sind, laufen wir die Helloween 6.<br \/>\nErst hinter dem Pfeiler hoch &#8211; witzig, da ist der erste Haken, dann auf den Pfeiler von dort an die Wand. Der Rest ist dem Riss entlang, mit guten Griffen. Sch\u00f6ne Tour.<\/p>\n<p>Da es voll ist wechseln wir auf Ebene 4, Schinderhannes.<br \/>\nDie Verschneidung 5+<br \/>\nZum ersten Mal kapiere ich, dass ich es mir unten zu schwer mache. Nicht als Verschneidung, sondern rechts haltend, ist es viel einfacher.<\/p>\n<p>Rundum alles voll, wir wechseln in den Sektor Mama Mia und gehen den Andreas Frank Ged. Weg 6.<br \/>\nDie Route sieht einfach viel schwerer aus, als sie ist. Und macht einfach nur Spa\u00df.<br \/>\nVor den Rissen auf die linke Wand gewechselt, dann die Risse nach oben, wer braucht schon auf den letzten Metern einen Haken?<\/p>\n<p>Es ist unglaublich warm geworden. Trotz kurzer Hose ist die Sonne unertr\u00e4glich. Gef\u00fchlt ist es \u00fcber 30 Grad und da macht das klettern in praller Sonne wenig Spa\u00df.<br \/>\nWir wandern zum Alpenjodler im gleichnamigen Sektor.<br \/>\nAls 6-\/6 sieht sie trotzdem respekteinfl\u00f6ssend aus. Dabei ist sie einfach. Der erste Haken hoch, setze ich einen Friend. Einfach den n\u00e4chsten Meter noch gelaufen, w\u00e4re das unn\u00f6tig gewesen. Aber wenn der Kopf nicht mitmacht, sollte man eine Sicherung setzen.<br \/>\nIm weiteren Verlauf immer der Schuppe folgend und die Crux, auf der Felskappe, ordentlich strecken, gleichgewicht halten und den linken Fu\u00df h\u00f6her setzen, dann \u00fcber die linke Kante nach oben zum Gipfelbuch.<br \/>\nSch\u00f6ne Tour.<\/p>\n<p>F\u00fcr die Clou 7- reicht es nicht mehr.<br \/>\nZu hei\u00df, zu trocken. Ich will nur noch in den Schatten.<br \/>\nUnd das Ende September. Unglaublich<\/p>\n","protected":false},"excerpt":{"rendered":"<p>Die Jungs aus der Klettergruppe gehen nach Schriesheim und ich h\u00e4nge mich an. Wir starten in der dritten\u00a0Ebene im Sektor Cassin. Und weils so sch\u00f6n passt die Route Cassin 6- Der erste Haken sehr hoch, aber bis dahin ist es einfach. Mit dem ersten Haken im Kreuz, klettert es sich munter weiter. Erst ganz oben [&hellip;]<\/p>\n","protected":false},"author":1,"featured_media":0,"comment_status":"open","ping_status":"open","sticky":false,"template":"","format":"standard","meta":{"ngg_post_thumbnail":0,"jetpack_post_was_ever_published":false,"_jetpack_newsletter_access":"","jetpack_publicize_message":"","jetpack_is_tweetstorm":false,"jetpack_publicize_feature_enabled":true,"jetpack_social_post_already_shared":true,"jetpack_social_options":{"image_generator_settings":{"template":"highway","enabled":false}}},"categories":[193,265,320,5,6,166],"tags":[],"jetpack_publicize_connections":[],"jetpack_featured_media_url":"","jetpack_sharing_enabled":true,"jetpack_shortlink":"https:\/\/wp.me\/p34XEX-1pAA","_links":{"self":[{"href":"http:\/\/www.omniro.de\/Gipfelbuch\/blog-jr\/wp-json\/wp\/v2\/posts\/336696"}],"collection":[{"href":"http:\/\/www.omniro.de\/Gipfelbuch\/blog-jr\/wp-json\/wp\/v2\/posts"}],"about":[{"href":"http:\/\/www.omniro.de\/Gipfelbuch\/blog-jr\/wp-json\/wp\/v2\/types\/post"}],"author":[{"embeddable":true,"href":"http:\/\/www.omniro.de\/Gipfelbuch\/blog-jr\/wp-json\/wp\/v2\/users\/1"}],"replies":[{"embeddable":true,"href":"http:\/\/www.omniro.de\/Gipfelbuch\/blog-jr\/wp-json\/wp\/v2\/comments?post=336696"}],"version-history":[{"count":3,"href":"http:\/\/www.omniro.de\/Gipfelbuch\/blog-jr\/wp-json\/wp\/v2\/posts\/336696\/revisions"}],"predecessor-version":[{"id":336699,"href":"http:\/\/www.omniro.de\/Gipfelbuch\/blog-jr\/wp-json\/wp\/v2\/posts\/336696\/revisions\/336699"}],"wp:attachment":[{"href":"http:\/\/www.omniro.de\/Gipfelbuch\/blog-jr\/wp-json\/wp\/v2\/media?parent=336696"}],"wp:term":[{"taxonomy":"category","embeddable":true,"href":"http:\/\/www.omniro.de\/Gipfelbuch\/blog-jr\/wp-json\/wp\/v2\/categories?post=336696"},{"taxonomy":"post_tag","embeddable":true,"href":"http:\/\/www.omniro.de\/Gipfelbuch\/blog-jr\/wp-json\/wp\/v2\/tags?post=336696"}],"curies":[{"name":"wp","href":"https:\/\/api.w.org\/{rel}","templated":true}]}}