{"id":344,"date":"2009-08-10T23:39:02","date_gmt":"2009-08-10T21:39:02","guid":{"rendered":"http:\/\/www.omniro.de\/Gipfelbuch\/blog-jr\/?p=344"},"modified":"2009-08-11T00:03:46","modified_gmt":"2009-08-10T22:03:46","slug":"kletterfelsen-europa-fur-googleearth-und-navi","status":"publish","type":"post","link":"http:\/\/www.omniro.de\/Gipfelbuch\/blog-jr\/2009\/08\/kletterfelsen-europa-fur-googleearth-und-navi\/","title":{"rendered":"Kletterfelsen Europa f\u00fcr GoogleEarth und Navi"},"content":{"rendered":"<p>Im Urlaub hat es mir schon gute Dienste geleistet und viele Felsen haben wir direkt angefahren:<\/p>\n<p><strong><a href=\"http:\/\/www.omniro.de\/Gipfelbuch\/Kletterfelsen-POI\/KletternEuropa-jr.kmz\">Klettern Europa<\/a><\/strong> als KMZ-Datei f\u00fcr Google Earth<\/p>\n<p>Mittels einiger Programme l\u00e4sst sich die Datei auch f\u00fcr Auto-Navis umwandeln. So konnte ich im Auto offline die Felsen einfach finden.<\/p>\n<p><img data-attachment-id=\"352\" data-permalink=\"http:\/\/www.omniro.de\/Gipfelbuch\/blog-jr\/2009\/08\/kletterfelsen-europa-fur-googleearth-und-navi\/ge\/\" data-orig-file=\"http:\/\/www.omniro.de\/Gipfelbuch\/blog-jr\/wp-content\/uploads\/2009\/08\/GE.jpg\" data-orig-size=\"1279,770\" data-comments-opened=\"1\" data-image-meta=\"{&quot;aperture&quot;:&quot;0&quot;,&quot;credit&quot;:&quot;&quot;,&quot;camera&quot;:&quot;&quot;,&quot;caption&quot;:&quot;&quot;,&quot;created_timestamp&quot;:&quot;0&quot;,&quot;copyright&quot;:&quot;&quot;,&quot;focal_length&quot;:&quot;0&quot;,&quot;iso&quot;:&quot;0&quot;,&quot;shutter_speed&quot;:&quot;0&quot;,&quot;title&quot;:&quot;&quot;}\" data-image-title=\"GE\" data-image-description=\"\" data-image-caption=\"\" data-medium-file=\"http:\/\/www.omniro.de\/Gipfelbuch\/blog-jr\/wp-content\/uploads\/2009\/08\/GE-300x180.jpg\" data-large-file=\"http:\/\/www.omniro.de\/Gipfelbuch\/blog-jr\/wp-content\/uploads\/2009\/08\/GE-1024x616.jpg\" decoding=\"async\" loading=\"lazy\" src=\"http:\/\/www.omniro.de\/Gipfelbuch\/blog-jr\/wp-content\/uploads\/2009\/08\/GE-300x180.jpg\" alt=\"GE\" title=\"GE\" width=\"300\" height=\"180\" class=\"aligncenter size-medium wp-image-352\" srcset=\"http:\/\/www.omniro.de\/Gipfelbuch\/blog-jr\/wp-content\/uploads\/2009\/08\/GE-300x180.jpg 300w, http:\/\/www.omniro.de\/Gipfelbuch\/blog-jr\/wp-content\/uploads\/2009\/08\/GE-1024x616.jpg 1024w, http:\/\/www.omniro.de\/Gipfelbuch\/blog-jr\/wp-content\/uploads\/2009\/08\/GE.jpg 1279w\" sizes=\"(max-width: 300px) 100vw, 300px\" \/><\/p>\n<p>Ich \u00fcbernehme keine Garantie f\u00fcr die Richtigkeit der Daten und Informationen!<br \/>\nBenutzung der Daten auf eigene Gefahr. <\/p>\n","protected":false},"excerpt":{"rendered":"<p>Im Urlaub hat es mir schon gute Dienste geleistet und viele Felsen haben wir direkt angefahren: Klettern Europa als KMZ-Datei f\u00fcr Google Earth Mittels einiger Programme l\u00e4sst sich die Datei auch f\u00fcr Auto-Navis umwandeln. So konnte ich im Auto offline die Felsen einfach finden. Ich \u00fcbernehme keine Garantie f\u00fcr die Richtigkeit der Daten und Informationen! [&hellip;]<\/p>\n","protected":false},"author":1,"featured_media":0,"comment_status":"open","ping_status":"open","sticky":false,"template":"","format":"standard","meta":{"ngg_post_thumbnail":0,"jetpack_post_was_ever_published":false,"_jetpack_newsletter_access":"","jetpack_publicize_message":"","jetpack_is_tweetstorm":false,"jetpack_publicize_feature_enabled":true,"jetpack_social_post_already_shared":false,"jetpack_social_options":{"image_generator_settings":{"template":"highway","enabled":false}}},"categories":[1,62,66,64,60,51,53,59,50,54,61],"tags":[],"jetpack_publicize_connections":[],"jetpack_featured_media_url":"","jetpack_sharing_enabled":true,"jetpack_shortlink":"https:\/\/wp.me\/p34XEX-5y","_links":{"self":[{"href":"http:\/\/www.omniro.de\/Gipfelbuch\/blog-jr\/wp-json\/wp\/v2\/posts\/344"}],"collection":[{"href":"http:\/\/www.omniro.de\/Gipfelbuch\/blog-jr\/wp-json\/wp\/v2\/posts"}],"about":[{"href":"http:\/\/www.omniro.de\/Gipfelbuch\/blog-jr\/wp-json\/wp\/v2\/types\/post"}],"author":[{"embeddable":true,"href":"http:\/\/www.omniro.de\/Gipfelbuch\/blog-jr\/wp-json\/wp\/v2\/users\/1"}],"replies":[{"embeddable":true,"href":"http:\/\/www.omniro.de\/Gipfelbuch\/blog-jr\/wp-json\/wp\/v2\/comments?post=344"}],"version-history":[{"count":9,"href":"http:\/\/www.omniro.de\/Gipfelbuch\/blog-jr\/wp-json\/wp\/v2\/posts\/344\/revisions"}],"predecessor-version":[{"id":357,"href":"http:\/\/www.omniro.de\/Gipfelbuch\/blog-jr\/wp-json\/wp\/v2\/posts\/344\/revisions\/357"}],"wp:attachment":[{"href":"http:\/\/www.omniro.de\/Gipfelbuch\/blog-jr\/wp-json\/wp\/v2\/media?parent=344"}],"wp:term":[{"taxonomy":"category","embeddable":true,"href":"http:\/\/www.omniro.de\/Gipfelbuch\/blog-jr\/wp-json\/wp\/v2\/categories?post=344"},{"taxonomy":"post_tag","embeddable":true,"href":"http:\/\/www.omniro.de\/Gipfelbuch\/blog-jr\/wp-json\/wp\/v2\/tags?post=344"}],"curies":[{"name":"wp","href":"https:\/\/api.w.org\/{rel}","templated":true}]}}