{"id":617,"date":"2010-06-03T11:40:16","date_gmt":"2010-06-03T09:40:16","guid":{"rendered":"http:\/\/www.omniro.de\/Gipfelbuch\/blog-jr\/?p=617"},"modified":"2010-06-07T12:39:15","modified_gmt":"2010-06-07T10:39:15","slug":"kletterhalle-forchheim-magnesia","status":"publish","type":"post","link":"http:\/\/www.omniro.de\/Gipfelbuch\/blog-jr\/2010\/06\/kletterhalle-forchheim-magnesia\/","title":{"rendered":"Kletterhalle Forchheim: Magnesia"},"content":{"rendered":"<p><a href=\"http:\/\/www.omniro.de\/Gipfelbuch\/blog-jr\/wp-content\/uploads\/2010\/06\/2010-06-03_19-37-14-WetterWetter2010-05-03-bb500.jpg\"><img data-attachment-id=\"621\" data-permalink=\"http:\/\/www.omniro.de\/Gipfelbuch\/blog-jr\/2010\/06\/kletterhalle-forchheim-magnesia\/2010-06-03_19-37-14-wetterwetter2010-05-03-bb500\/\" data-orig-file=\"http:\/\/www.omniro.de\/Gipfelbuch\/blog-jr\/wp-content\/uploads\/2010\/06\/2010-06-03_19-37-14-WetterWetter2010-05-03-bb500.jpg\" data-orig-size=\"297,333\" data-comments-opened=\"1\" data-image-meta=\"{&quot;aperture&quot;:&quot;0&quot;,&quot;credit&quot;:&quot;J\\u00fcrgen Rode&quot;,&quot;camera&quot;:&quot;&quot;,&quot;caption&quot;:&quot;&quot;,&quot;created_timestamp&quot;:&quot;0&quot;,&quot;copyright&quot;:&quot;www.foto.omniro.de&quot;,&quot;focal_length&quot;:&quot;0&quot;,&quot;iso&quot;:&quot;0&quot;,&quot;shutter_speed&quot;:&quot;0&quot;,&quot;title&quot;:&quot;&quot;}\" data-image-title=\"2010-06-03_19-37-14-WetterWetter2010-05-03 bb500\" data-image-description=\"\" data-image-caption=\"\" data-medium-file=\"http:\/\/www.omniro.de\/Gipfelbuch\/blog-jr\/wp-content\/uploads\/2010\/06\/2010-06-03_19-37-14-WetterWetter2010-05-03-bb500-267x300.jpg\" data-large-file=\"http:\/\/www.omniro.de\/Gipfelbuch\/blog-jr\/wp-content\/uploads\/2010\/06\/2010-06-03_19-37-14-WetterWetter2010-05-03-bb500.jpg\" decoding=\"async\" loading=\"lazy\" class=\"size-full wp-image-621 alignleft\" title=\"2010-06-03_19-37-14-WetterWetter2010-05-03 bb500\" src=\"http:\/\/www.omniro.de\/Gipfelbuch\/blog-jr\/wp-content\/uploads\/2010\/06\/2010-06-03_19-37-14-WetterWetter2010-05-03-bb500.jpg\" alt=\"\" width=\"297\" height=\"333\" srcset=\"http:\/\/www.omniro.de\/Gipfelbuch\/blog-jr\/wp-content\/uploads\/2010\/06\/2010-06-03_19-37-14-WetterWetter2010-05-03-bb500.jpg 297w, http:\/\/www.omniro.de\/Gipfelbuch\/blog-jr\/wp-content\/uploads\/2010\/06\/2010-06-03_19-37-14-WetterWetter2010-05-03-bb500-267x300.jpg 267w, http:\/\/www.omniro.de\/Gipfelbuch\/blog-jr\/wp-content\/uploads\/2010\/06\/2010-06-03_19-37-14-WetterWetter2010-05-03-bb500-133x150.jpg 133w\" sizes=\"(max-width: 297px) 100vw, 297px\" \/><\/a><a href=\"http:\/\/www.omniro.de\/Gipfelbuch\/blog-jr\/wp-content\/uploads\/2010\/06\/2010-06-03_17-07-25-Forchheim-MagnesiaIMAG0115-bb500.jpg\"> <\/a><\/p>\n<p>Schietwetter in der Fr\u00e4nkischen Schweiz. Ein Regenband zieht an Fronleichnahm quer \u00fcber Deutschland. Zuhause scheint die Sonne. In Betzenstein regnet es Backsteine. Der Frust sitzt tief. Wir fahren nach Forchheim in die Kletterhalle. Es mieft nach zu vielen verschwitzten Kletterern. Aber immerhin k\u00f6nnen wir klettern. Ein paar tolle Routen springen dabei heraus. Sch\u00f6ne Halle!<\/p>\n<p>Nach ein paar einfachen Routen steige ich ein 7 hoch. Am Anfang schon schwer kommt nach einem kleinen \u00dcbergang eine Schl\u00fcsselstelle. Dort nicht lange gefackelt und oben. Die Halle gef\u00e4llt mir immer besser<\/p>\n<p>Dann in eine 8- eingestiegen. Gro\u00dfer \u00dcberhang. Bis zur H\u00e4lfte komme ich, dann gehen mir die Idee aus und anschlie\u00dfend die Kraft. Ich wei\u00df einfach nicht wo es weiter geht.<br \/>\nDen Kids dann noch 6+ und 6er eingeh\u00e4ngt. Svenja war auch die 7 im Nachstieg geklettert und anschlie\u00dfend zu fertig, Inga ging dann noch zweimal eine 6+, die nicht einfach war. Wenn sie klettert sieht das sehr grazil aus. Da stimmen Gr\u00f6\u00dfe und Gewicht einfach.<\/p>\n<p>Mach wirklich Spa\u00df ihr zuzuschauen.<\/p>\n<p><a href=\"http:\/\/www.omniro.de\/Gipfelbuch\/blog-jr\/wp-content\/uploads\/2010\/06\/2010-06-03_17-08-02-Forchheim-MagnesiaIMAG0117-bb500.jpg\"> <img data-attachment-id=\"620\" data-permalink=\"http:\/\/www.omniro.de\/Gipfelbuch\/blog-jr\/2010\/06\/kletterhalle-forchheim-magnesia\/2010-06-03_17-08-02-forchheim-magnesiaimag0117-bb500\/\" data-orig-file=\"http:\/\/www.omniro.de\/Gipfelbuch\/blog-jr\/wp-content\/uploads\/2010\/06\/2010-06-03_17-08-02-Forchheim-MagnesiaIMAG0117-bb500.jpg\" data-orig-size=\"199,333\" data-comments-opened=\"1\" data-image-meta=\"{&quot;aperture&quot;:&quot;0&quot;,&quot;credit&quot;:&quot;J\\u00fcrgen Rode&quot;,&quot;camera&quot;:&quot;MDA_Compact_V&quot;,&quot;caption&quot;:&quot;&quot;,&quot;created_timestamp&quot;:&quot;1275577682&quot;,&quot;copyright&quot;:&quot;www.foto.omniro.de&quot;,&quot;focal_length&quot;:&quot;0&quot;,&quot;iso&quot;:&quot;306&quot;,&quot;shutter_speed&quot;:&quot;0&quot;,&quot;title&quot;:&quot;&quot;}\" data-image-title=\"2010-06-03_17-08-02-Forchheim MagnesiaIMAG0117 bb500\" data-image-description=\"\" data-image-caption=\"\" data-medium-file=\"http:\/\/www.omniro.de\/Gipfelbuch\/blog-jr\/wp-content\/uploads\/2010\/06\/2010-06-03_17-08-02-Forchheim-MagnesiaIMAG0117-bb500-179x300.jpg\" data-large-file=\"http:\/\/www.omniro.de\/Gipfelbuch\/blog-jr\/wp-content\/uploads\/2010\/06\/2010-06-03_17-08-02-Forchheim-MagnesiaIMAG0117-bb500.jpg\" decoding=\"async\" loading=\"lazy\" class=\"alignnone size-full wp-image-620\" title=\"2010-06-03_17-08-02-Forchheim MagnesiaIMAG0117 bb500\" src=\"http:\/\/www.omniro.de\/Gipfelbuch\/blog-jr\/wp-content\/uploads\/2010\/06\/2010-06-03_17-08-02-Forchheim-MagnesiaIMAG0117-bb500.jpg\" alt=\"\" width=\"199\" height=\"333\" srcset=\"http:\/\/www.omniro.de\/Gipfelbuch\/blog-jr\/wp-content\/uploads\/2010\/06\/2010-06-03_17-08-02-Forchheim-MagnesiaIMAG0117-bb500.jpg 199w, http:\/\/www.omniro.de\/Gipfelbuch\/blog-jr\/wp-content\/uploads\/2010\/06\/2010-06-03_17-08-02-Forchheim-MagnesiaIMAG0117-bb500-179x300.jpg 179w, http:\/\/www.omniro.de\/Gipfelbuch\/blog-jr\/wp-content\/uploads\/2010\/06\/2010-06-03_17-08-02-Forchheim-MagnesiaIMAG0117-bb500-89x150.jpg 89w\" sizes=\"(max-width: 199px) 100vw, 199px\" \/><\/a> <a href=\"http:\/\/www.omniro.de\/Gipfelbuch\/blog-jr\/wp-content\/uploads\/2010\/06\/2010-06-03_17-07-25-Forchheim-MagnesiaIMAG0115-bb500.jpg\"><img data-attachment-id=\"619\" data-permalink=\"http:\/\/www.omniro.de\/Gipfelbuch\/blog-jr\/2010\/06\/kletterhalle-forchheim-magnesia\/2010-06-03_17-07-25-forchheim-magnesiaimag0115-bb500\/\" data-orig-file=\"http:\/\/www.omniro.de\/Gipfelbuch\/blog-jr\/wp-content\/uploads\/2010\/06\/2010-06-03_17-07-25-Forchheim-MagnesiaIMAG0115-bb500.jpg\" data-orig-size=\"199,333\" data-comments-opened=\"1\" data-image-meta=\"{&quot;aperture&quot;:&quot;0&quot;,&quot;credit&quot;:&quot;J\\u00fcrgen Rode&quot;,&quot;camera&quot;:&quot;MDA_Compact_V&quot;,&quot;caption&quot;:&quot;&quot;,&quot;created_timestamp&quot;:&quot;1275577645&quot;,&quot;copyright&quot;:&quot;www.foto.omniro.de&quot;,&quot;focal_length&quot;:&quot;0&quot;,&quot;iso&quot;:&quot;325&quot;,&quot;shutter_speed&quot;:&quot;0&quot;,&quot;title&quot;:&quot;&quot;}\" data-image-title=\"2010-06-03_17-07-25-Forchheim MagnesiaIMAG0115 bb500\" data-image-description=\"\" data-image-caption=\"\" data-medium-file=\"http:\/\/www.omniro.de\/Gipfelbuch\/blog-jr\/wp-content\/uploads\/2010\/06\/2010-06-03_17-07-25-Forchheim-MagnesiaIMAG0115-bb500-179x300.jpg\" data-large-file=\"http:\/\/www.omniro.de\/Gipfelbuch\/blog-jr\/wp-content\/uploads\/2010\/06\/2010-06-03_17-07-25-Forchheim-MagnesiaIMAG0115-bb500.jpg\" decoding=\"async\" loading=\"lazy\" class=\"alignnone size-full wp-image-619\" title=\"2010-06-03_17-07-25-Forchheim MagnesiaIMAG0115 bb500\" src=\"http:\/\/www.omniro.de\/Gipfelbuch\/blog-jr\/wp-content\/uploads\/2010\/06\/2010-06-03_17-07-25-Forchheim-MagnesiaIMAG0115-bb500.jpg\" alt=\"\" width=\"199\" height=\"333\" srcset=\"http:\/\/www.omniro.de\/Gipfelbuch\/blog-jr\/wp-content\/uploads\/2010\/06\/2010-06-03_17-07-25-Forchheim-MagnesiaIMAG0115-bb500.jpg 199w, http:\/\/www.omniro.de\/Gipfelbuch\/blog-jr\/wp-content\/uploads\/2010\/06\/2010-06-03_17-07-25-Forchheim-MagnesiaIMAG0115-bb500-179x300.jpg 179w, http:\/\/www.omniro.de\/Gipfelbuch\/blog-jr\/wp-content\/uploads\/2010\/06\/2010-06-03_17-07-25-Forchheim-MagnesiaIMAG0115-bb500-89x150.jpg 89w\" sizes=\"(max-width: 199px) 100vw, 199px\" \/><\/a> <a href=\"http:\/\/www.omniro.de\/Gipfelbuch\/blog-jr\/wp-content\/uploads\/2010\/06\/2010-06-03_17-07-45-Forchheim-MagnesiaIMAG0116-bb500.jpg\"><img data-attachment-id=\"618\" data-permalink=\"http:\/\/www.omniro.de\/Gipfelbuch\/blog-jr\/2010\/06\/kletterhalle-forchheim-magnesia\/2010-06-03_17-07-45-forchheim-magnesiaimag0116-bb500\/\" data-orig-file=\"http:\/\/www.omniro.de\/Gipfelbuch\/blog-jr\/wp-content\/uploads\/2010\/06\/2010-06-03_17-07-45-Forchheim-MagnesiaIMAG0116-bb500.jpg\" data-orig-size=\"199,333\" data-comments-opened=\"1\" data-image-meta=\"{&quot;aperture&quot;:&quot;0&quot;,&quot;credit&quot;:&quot;J\\u00fcrgen Rode&quot;,&quot;camera&quot;:&quot;MDA_Compact_V&quot;,&quot;caption&quot;:&quot;&quot;,&quot;created_timestamp&quot;:&quot;1275577665&quot;,&quot;copyright&quot;:&quot;www.foto.omniro.de&quot;,&quot;focal_length&quot;:&quot;0&quot;,&quot;iso&quot;:&quot;340&quot;,&quot;shutter_speed&quot;:&quot;0&quot;,&quot;title&quot;:&quot;&quot;}\" data-image-title=\"2010-06-03_17-07-45-Forchheim MagnesiaIMAG0116 bb500\" data-image-description=\"\" data-image-caption=\"\" data-medium-file=\"http:\/\/www.omniro.de\/Gipfelbuch\/blog-jr\/wp-content\/uploads\/2010\/06\/2010-06-03_17-07-45-Forchheim-MagnesiaIMAG0116-bb500-179x300.jpg\" data-large-file=\"http:\/\/www.omniro.de\/Gipfelbuch\/blog-jr\/wp-content\/uploads\/2010\/06\/2010-06-03_17-07-45-Forchheim-MagnesiaIMAG0116-bb500.jpg\" decoding=\"async\" loading=\"lazy\" class=\"alignnone size-full wp-image-618\" title=\"2010-06-03_17-07-45-Forchheim MagnesiaIMAG0116 bb500\" src=\"http:\/\/www.omniro.de\/Gipfelbuch\/blog-jr\/wp-content\/uploads\/2010\/06\/2010-06-03_17-07-45-Forchheim-MagnesiaIMAG0116-bb500.jpg\" alt=\"\" width=\"199\" height=\"333\" srcset=\"http:\/\/www.omniro.de\/Gipfelbuch\/blog-jr\/wp-content\/uploads\/2010\/06\/2010-06-03_17-07-45-Forchheim-MagnesiaIMAG0116-bb500.jpg 199w, http:\/\/www.omniro.de\/Gipfelbuch\/blog-jr\/wp-content\/uploads\/2010\/06\/2010-06-03_17-07-45-Forchheim-MagnesiaIMAG0116-bb500-179x300.jpg 179w, http:\/\/www.omniro.de\/Gipfelbuch\/blog-jr\/wp-content\/uploads\/2010\/06\/2010-06-03_17-07-45-Forchheim-MagnesiaIMAG0116-bb500-89x150.jpg 89w\" sizes=\"(max-width: 199px) 100vw, 199px\" \/><\/a><\/p>\n","protected":false},"excerpt":{"rendered":"<p>Schietwetter in der Fr\u00e4nkischen Schweiz. Ein Regenband zieht an Fronleichnahm quer \u00fcber Deutschland. Zuhause scheint die Sonne. In Betzenstein regnet es Backsteine. Der Frust sitzt tief. Wir fahren nach Forchheim in die Kletterhalle. Es mieft nach zu vielen verschwitzten Kletterern. Aber immerhin k\u00f6nnen wir klettern. Ein paar tolle Routen springen dabei heraus. Sch\u00f6ne Halle! Nach [&hellip;]<\/p>\n","protected":false},"author":1,"featured_media":0,"comment_status":"open","ping_status":"open","sticky":false,"template":"","format":"standard","meta":{"ngg_post_thumbnail":0,"jetpack_post_was_ever_published":false,"_jetpack_newsletter_access":"","jetpack_publicize_message":"","jetpack_is_tweetstorm":false,"jetpack_publicize_feature_enabled":true,"jetpack_social_post_already_shared":false,"jetpack_social_options":{"image_generator_settings":{"template":"highway","enabled":false}}},"categories":[63,138,139],"tags":[],"jetpack_publicize_connections":[],"jetpack_featured_media_url":"","jetpack_sharing_enabled":true,"jetpack_shortlink":"https:\/\/wp.me\/p34XEX-9X","_links":{"self":[{"href":"http:\/\/www.omniro.de\/Gipfelbuch\/blog-jr\/wp-json\/wp\/v2\/posts\/617"}],"collection":[{"href":"http:\/\/www.omniro.de\/Gipfelbuch\/blog-jr\/wp-json\/wp\/v2\/posts"}],"about":[{"href":"http:\/\/www.omniro.de\/Gipfelbuch\/blog-jr\/wp-json\/wp\/v2\/types\/post"}],"author":[{"embeddable":true,"href":"http:\/\/www.omniro.de\/Gipfelbuch\/blog-jr\/wp-json\/wp\/v2\/users\/1"}],"replies":[{"embeddable":true,"href":"http:\/\/www.omniro.de\/Gipfelbuch\/blog-jr\/wp-json\/wp\/v2\/comments?post=617"}],"version-history":[{"count":7,"href":"http:\/\/www.omniro.de\/Gipfelbuch\/blog-jr\/wp-json\/wp\/v2\/posts\/617\/revisions"}],"predecessor-version":[{"id":660,"href":"http:\/\/www.omniro.de\/Gipfelbuch\/blog-jr\/wp-json\/wp\/v2\/posts\/617\/revisions\/660"}],"wp:attachment":[{"href":"http:\/\/www.omniro.de\/Gipfelbuch\/blog-jr\/wp-json\/wp\/v2\/media?parent=617"}],"wp:term":[{"taxonomy":"category","embeddable":true,"href":"http:\/\/www.omniro.de\/Gipfelbuch\/blog-jr\/wp-json\/wp\/v2\/categories?post=617"},{"taxonomy":"post_tag","embeddable":true,"href":"http:\/\/www.omniro.de\/Gipfelbuch\/blog-jr\/wp-json\/wp\/v2\/tags?post=617"}],"curies":[{"name":"wp","href":"https:\/\/api.w.org\/{rel}","templated":true}]}}