{"id":7,"date":"2009-06-11T17:01:00","date_gmt":"2009-06-11T15:01:00","guid":{"rendered":"http:\/\/www.omniro.de\/Gipfelbuch\/blog-jr\/?p=7"},"modified":"2009-06-12T23:03:39","modified_gmt":"2009-06-12T21:03:39","slug":"7","status":"publish","type":"post","link":"http:\/\/www.omniro.de\/Gipfelbuch\/blog-jr\/2009\/06\/7\/","title":{"rendered":"Schriesheim"},"content":{"rendered":"<h3><span style=\"text-decoration: underline;\"><a title=\"Felsinfo\" href=\"http:\/\/www.dav-felsinfo.de\/ajaxdav\/?3=16-08-002\" target=\"_blank\">Schriesheim<\/a><\/span><\/h3>\n<p>F\u00fcr die Kinder die <strong>Henkelpfeilerroute<\/strong> ausgew\u00e4hlt.\u00a0 Dritte Etage Soll 2+ oder 3- sein \u2013 nie und nimmer. Eher 4+<br \/>\nIm Vorstieg. Musste echt \u00fcberlegen. Knifflige Route. Bin ich schon so altersschwach, dass ich keine 2+ mehr hochkomme ohne zu schnaufen.<\/p>\n<p>Aufgrund der Bilder wei\u00df ich nun, dass nicht die Henkelpfeilerroute war.<br \/>\nUnd auch die Helga 5 war wohl nicht die Helga.<\/p>\n<p><strong>Helga &#8211; 5<\/strong>:<\/p>\n<p>Ri\u00dfroute im unteren Bereich Knie und Fu\u00df verhaken, dann kommt man z\u00fcgig voran. Im oberen Teil wenige, aber gro\u00dfe Griffe. Am St\u00fcck durch geklettert. Hat Spa\u00df gemacht. Ein aufziehendes Gewitter lie\u00df uns zur Schutzh\u00fctte am Abstieg eilen.<\/p>\n<p>Vielleicht wei\u00df jemand, welche Routen wir da geklettert sind. Weiter rechts an einem Fels steht eine 5. Davon rechts soll die Henkelpfeilerroute sein.<\/p>\n<p><a href=\"http:\/\/www.omniro.de\/Blogbilder\/2009-06-11_15-47-40-Schriesheim%20Rungeklettern-_MG_0949b.jpg\"><\/p>\n<figure style=\"width: 1024px\" class=\"wp-caption alignnone\"><a><img decoding=\"async\" loading=\"lazy\" title=\"Schriesheim 3. Ebene Sektor K - L ???\" src=\"http:\/\/www.omniro.de\/Blogbilder\/2009-06-11_15-47-40-Schriesheim%20Rungeklettern-_MG_0949a.jpg\" alt=\"Schriesheim 3. Ebene Sektor K - L ???\" width=\"1024\" height=\"683\" \/><\/a><figcaption class=\"wp-caption-text\">Schriesheim 3. Ebene Sektor K - L ???<\/figcaption><\/figure>\n<p><\/a><\/p>\n","protected":false},"excerpt":{"rendered":"<p>Schriesheim F\u00fcr die Kinder die Henkelpfeilerroute ausgew\u00e4hlt.\u00a0 Dritte Etage Soll 2+ oder 3- sein \u2013 nie und nimmer. Eher 4+ Im Vorstieg. Musste echt \u00fcberlegen. Knifflige Route. Bin ich schon so altersschwach, dass ich keine 2+ mehr hochkomme ohne zu schnaufen. Aufgrund der Bilder wei\u00df ich nun, dass nicht die Henkelpfeilerroute war. Und auch die [&hellip;]<\/p>\n","protected":false},"author":1,"featured_media":0,"comment_status":"open","ping_status":"open","sticky":false,"template":"","format":"standard","meta":{"ngg_post_thumbnail":0,"jetpack_post_was_ever_published":false,"_jetpack_newsletter_access":"","jetpack_publicize_message":"","jetpack_is_tweetstorm":false,"jetpack_publicize_feature_enabled":true,"jetpack_social_post_already_shared":false,"jetpack_social_options":{"image_generator_settings":{"template":"highway","enabled":false}}},"categories":[3,5,6],"tags":[],"jetpack_publicize_connections":[],"jetpack_featured_media_url":"","jetpack_sharing_enabled":true,"jetpack_shortlink":"https:\/\/wp.me\/s34XEX-7","_links":{"self":[{"href":"http:\/\/www.omniro.de\/Gipfelbuch\/blog-jr\/wp-json\/wp\/v2\/posts\/7"}],"collection":[{"href":"http:\/\/www.omniro.de\/Gipfelbuch\/blog-jr\/wp-json\/wp\/v2\/posts"}],"about":[{"href":"http:\/\/www.omniro.de\/Gipfelbuch\/blog-jr\/wp-json\/wp\/v2\/types\/post"}],"author":[{"embeddable":true,"href":"http:\/\/www.omniro.de\/Gipfelbuch\/blog-jr\/wp-json\/wp\/v2\/users\/1"}],"replies":[{"embeddable":true,"href":"http:\/\/www.omniro.de\/Gipfelbuch\/blog-jr\/wp-json\/wp\/v2\/comments?post=7"}],"version-history":[{"count":9,"href":"http:\/\/www.omniro.de\/Gipfelbuch\/blog-jr\/wp-json\/wp\/v2\/posts\/7\/revisions"}],"predecessor-version":[{"id":23,"href":"http:\/\/www.omniro.de\/Gipfelbuch\/blog-jr\/wp-json\/wp\/v2\/posts\/7\/revisions\/23"}],"wp:attachment":[{"href":"http:\/\/www.omniro.de\/Gipfelbuch\/blog-jr\/wp-json\/wp\/v2\/media?parent=7"}],"wp:term":[{"taxonomy":"category","embeddable":true,"href":"http:\/\/www.omniro.de\/Gipfelbuch\/blog-jr\/wp-json\/wp\/v2\/categories?post=7"},{"taxonomy":"post_tag","embeddable":true,"href":"http:\/\/www.omniro.de\/Gipfelbuch\/blog-jr\/wp-json\/wp\/v2\/tags?post=7"}],"curies":[{"name":"wp","href":"https:\/\/api.w.org\/{rel}","templated":true}]}}