{"id":846,"date":"2016-08-01T10:18:37","date_gmt":"2016-08-01T08:18:37","guid":{"rendered":"http:\/\/www.omniro.de\/Gipfelbuch\/blog-jr\/?p=846"},"modified":"2016-08-02T22:52:43","modified_gmt":"2016-08-02T20:52:43","slug":"high-moves-kletterhalle-bensheim","status":"publish","type":"post","link":"http:\/\/www.omniro.de\/Gipfelbuch\/blog-jr\/2016\/08\/high-moves-kletterhalle-bensheim\/","title":{"rendered":"High Moves &#8211; Kletterhalle Bensheim"},"content":{"rendered":"<p>Da in Darmstadt Er\u00f6ffnung des neuen Boulderraums war, fuhren wir heute nach Bensheim.<\/p>\n<p>Ziel war die <a href=\"http:\/\/www.kletterhalle-bensheim.de\/\" target=\"_blank\">Kletterhalle &#8211; High Moves<\/a>.<br \/>\nLeider waren noch etliche Kletterer auf die Idee gekommen nach Bensheim auszuweichen und mit den ganzen Heidelberger, Odenwald und Pfalzkletterern war es dann gem\u00fctlich eng und laut in der Halle.<\/p>\n<p>Wir erk\u00e4mpften und im Sinne des Wortes eine 5 zum aufw\u00e4rmen und wurden bald aus der Wand geholt, weil die Kinder da auch noch klettern wollten. Nachmittags wurde es dann besser. So kletterte ich 6-, 6+, 7\/7+, 6, 6-, 6+.<br \/>\nEinige Routen waren tricky, f\u00fcr gro\u00dfe Menschen gemacht oder nur dynamisch zu schaffen. Insgesamt schienen mir die Routen aber super geschraubt. Die 7\/7+ m\u00fcsste ich wohl noch einige Male ausbouldern, damit sie Spa\u00df macht, der Rest war eher ein Kraftfrage.<\/p>\n<p><a href=\"http:\/\/www.omniro.de\/Gipfelbuch\/blog-jr\/wp-content\/uploads\/2010\/11\/IMAG0212-600.jpg\"><img data-attachment-id=\"853\" data-permalink=\"http:\/\/www.omniro.de\/Gipfelbuch\/blog-jr\/2016\/08\/high-moves-kletterhalle-bensheim\/imag0212-600\/\" data-orig-file=\"http:\/\/www.omniro.de\/Gipfelbuch\/blog-jr\/wp-content\/uploads\/2010\/11\/IMAG0212-600.jpg\" data-orig-size=\"600,359\" data-comments-opened=\"1\" data-image-meta=\"{&quot;aperture&quot;:&quot;0&quot;,&quot;credit&quot;:&quot;J\\u00fcrgen Rode&quot;,&quot;camera&quot;:&quot;MDA_Compact_V&quot;,&quot;caption&quot;:&quot;&quot;,&quot;created_timestamp&quot;:&quot;1289138340&quot;,&quot;copyright&quot;:&quot;www.foto.omniro.de&quot;,&quot;focal_length&quot;:&quot;0&quot;,&quot;iso&quot;:&quot;318&quot;,&quot;shutter_speed&quot;:&quot;0&quot;,&quot;title&quot;:&quot;&quot;}\" data-image-title=\"IMAG0212-600\" data-image-description=\"\" data-image-caption=\"\" data-medium-file=\"http:\/\/www.omniro.de\/Gipfelbuch\/blog-jr\/wp-content\/uploads\/2010\/11\/IMAG0212-600-300x179.jpg\" data-large-file=\"http:\/\/www.omniro.de\/Gipfelbuch\/blog-jr\/wp-content\/uploads\/2010\/11\/IMAG0212-600.jpg\" decoding=\"async\" loading=\"lazy\" class=\"aligncenter size-full wp-image-853\" title=\"IMAG0212-600\" src=\"http:\/\/www.omniro.de\/Gipfelbuch\/blog-jr\/wp-content\/uploads\/2010\/11\/IMAG0212-600.jpg\" alt=\"\" width=\"600\" height=\"359\" srcset=\"http:\/\/www.omniro.de\/Gipfelbuch\/blog-jr\/wp-content\/uploads\/2010\/11\/IMAG0212-600.jpg 600w, http:\/\/www.omniro.de\/Gipfelbuch\/blog-jr\/wp-content\/uploads\/2010\/11\/IMAG0212-600-300x179.jpg 300w, http:\/\/www.omniro.de\/Gipfelbuch\/blog-jr\/wp-content\/uploads\/2010\/11\/IMAG0212-600-150x89.jpg 150w, http:\/\/www.omniro.de\/Gipfelbuch\/blog-jr\/wp-content\/uploads\/2010\/11\/IMAG0212-600-400x239.jpg 400w\" sizes=\"(max-width: 600px) 100vw, 600px\" \/><\/a><\/p>\n<p><a href=\"http:\/\/www.omniro.de\/Gipfelbuch\/blog-jr\/wp-content\/uploads\/2010\/11\/IMAG0213-600.jpg\"><img data-attachment-id=\"854\" data-permalink=\"http:\/\/www.omniro.de\/Gipfelbuch\/blog-jr\/2016\/08\/high-moves-kletterhalle-bensheim\/imag0213-600\/\" data-orig-file=\"http:\/\/www.omniro.de\/Gipfelbuch\/blog-jr\/wp-content\/uploads\/2010\/11\/IMAG0213-600.jpg\" data-orig-size=\"359,600\" data-comments-opened=\"1\" data-image-meta=\"{&quot;aperture&quot;:&quot;0&quot;,&quot;credit&quot;:&quot;J\\u00fcrgen Rode&quot;,&quot;camera&quot;:&quot;MDA_Compact_V&quot;,&quot;caption&quot;:&quot;&quot;,&quot;created_timestamp&quot;:&quot;1289138357&quot;,&quot;copyright&quot;:&quot;www.foto.omniro.de&quot;,&quot;focal_length&quot;:&quot;0&quot;,&quot;iso&quot;:&quot;312&quot;,&quot;shutter_speed&quot;:&quot;0&quot;,&quot;title&quot;:&quot;&quot;}\" data-image-title=\"IMAG0213-600\" data-image-description=\"\" data-image-caption=\"\" data-medium-file=\"http:\/\/www.omniro.de\/Gipfelbuch\/blog-jr\/wp-content\/uploads\/2010\/11\/IMAG0213-600-179x300.jpg\" data-large-file=\"http:\/\/www.omniro.de\/Gipfelbuch\/blog-jr\/wp-content\/uploads\/2010\/11\/IMAG0213-600.jpg\" decoding=\"async\" loading=\"lazy\" class=\"aligncenter size-full wp-image-854\" title=\"IMAG0213-600\" src=\"http:\/\/www.omniro.de\/Gipfelbuch\/blog-jr\/wp-content\/uploads\/2010\/11\/IMAG0213-600.jpg\" alt=\"\" width=\"359\" height=\"600\" srcset=\"http:\/\/www.omniro.de\/Gipfelbuch\/blog-jr\/wp-content\/uploads\/2010\/11\/IMAG0213-600.jpg 359w, http:\/\/www.omniro.de\/Gipfelbuch\/blog-jr\/wp-content\/uploads\/2010\/11\/IMAG0213-600-179x300.jpg 179w, http:\/\/www.omniro.de\/Gipfelbuch\/blog-jr\/wp-content\/uploads\/2010\/11\/IMAG0213-600-89x150.jpg 89w\" sizes=\"(max-width: 359px) 100vw, 359px\" \/><\/a><\/p>\n<p>Am Ende der Kletterrunde suchten wir uns dann noch einmal etwas einfaches. Neben dem gro\u00dfen Rolltor wurden wir f\u00fcndig. Irgendetwas mit 6. Holger kletterte vor und es sah alles gut und locker aus. In die Route daneben, stieg eine gutgebaute Blondine ein. Mindestens 50, aber eine R\u00fcckenmuskulatur, die sehenswert war. Auch ihr Kletterstil zeigte hohes Niveau. Es machte einfach Spa\u00df ihr zuzuschauen und die kleinen Muskelpakete \u00fcber den Schulterbl\u00e4ttern spielen zu sehen. Holger stand stabil in 10 Meter H\u00f6he, war gerade im Begriff zu klippen. Zwei dicke Tritte und ein sch\u00f6ner Henkel. Er zog m\u00e4chtig Seil, ich gab aus, da ich annahm, dass er den n\u00e4chsten Clip auch gleich mitnimmt.<br \/>\nDie Blonde war nun drei Meter hoch und lag schr\u00e4g in der Wand, spreizte, clippte, souver\u00e4n die Frau&#8230;<\/p>\n<p>Ich sp\u00fcrte nur, wie mir das Seil durch die rechte Hand glitt. Viel Seil lief da durch. Irgendwann, nach einer gef\u00fchlten Ewigkeit, griff meine Hand instinktiv zu, der Tube fra\u00df sich fest, es zog mich von den F\u00fc\u00dfen und weil ich drei Meter von der Wand entfernt stand, flog ich Richtung Wandfu\u00df. Ein Blick nach oben lie\u00df mich ziemlich erschaudern. Holger hing in 4 Metern H\u00f6he im Seil, ich war gut 1 1\/2 Meter hochgezogen worden. Viel trennte uns nicht mehr. Aber er war sicher. Gl\u00fcck gehabt. Das h\u00e4tte auch einen Grounder geben k\u00f6nnen.<br \/>\nWie konnte ausgerechnet mir das passieren. Jedem erkl\u00e4re ich: Partnercheck, auch wenn du mit \u00fcberragenden Kletterern gehst: Schau nach, als sei er und du Anf\u00e4nger: Immer die Augen beim Kletterer. Immer die Hand am Seil.<br \/>\nOk, zumindest ersteres und letzteres hatte ich gemacht. Aber die Menge Schlappseil, die Seildehnung und die Tatsache, dass ich davon ausging, Holger will noch die n\u00e4chste Exxe klippen (noch mehr Schlappseil) h\u00e4tten zur Katastrophe f\u00fchren k\u00f6nnen. Das alles war ein Sekundenbruchteil und doch habe ich diese Sekunde wie ein Zeitlupenfilm vor Augen.<br \/>\nDas Seil gleitet durch meine rechte Hand. Ich blicke von der Kletterin nach unten, sehe den Tupe, die Hand greift, es hebt mich hoch, fliege nach vorn Richtung Wand. F\u00fc\u00dfe hoch, Aufprall anfangen. Blick hoch. Erschrecken. Holger h\u00e4ngt nur kurz \u00fcber mir.<br \/>\nDas waren mal gut 6 Meter Flug. Viel h\u00e4tte nicht gefehlt.<\/p>\n<p>Und das nur, weil ich Holger sicher glaubte und mich gerne ablenken lie\u00df.<\/p>\n","protected":false},"excerpt":{"rendered":"<p>Da in Darmstadt Er\u00f6ffnung des neuen Boulderraums war, fuhren wir heute nach Bensheim. Ziel war die Kletterhalle &#8211; High Moves. Leider waren noch etliche Kletterer auf die Idee gekommen nach Bensheim auszuweichen und mit den ganzen Heidelberger, Odenwald und Pfalzkletterern war es dann gem\u00fctlich eng und laut in der Halle. Wir erk\u00e4mpften und im Sinne [&hellip;]<\/p>\n","protected":false},"author":1,"featured_media":0,"comment_status":"open","ping_status":"open","sticky":false,"template":"","format":"standard","meta":{"ngg_post_thumbnail":0,"jetpack_post_was_ever_published":false,"_jetpack_newsletter_access":"","jetpack_publicize_message":"","jetpack_is_tweetstorm":false,"jetpack_publicize_feature_enabled":true,"jetpack_social_post_already_shared":false,"jetpack_social_options":{"image_generator_settings":{"template":"highway","enabled":false}}},"categories":[32,41,42,168,233,101],"tags":[132],"jetpack_publicize_connections":[],"jetpack_featured_media_url":"","jetpack_sharing_enabled":true,"jetpack_shortlink":"https:\/\/wp.me\/p34XEX-dE","_links":{"self":[{"href":"http:\/\/www.omniro.de\/Gipfelbuch\/blog-jr\/wp-json\/wp\/v2\/posts\/846"}],"collection":[{"href":"http:\/\/www.omniro.de\/Gipfelbuch\/blog-jr\/wp-json\/wp\/v2\/posts"}],"about":[{"href":"http:\/\/www.omniro.de\/Gipfelbuch\/blog-jr\/wp-json\/wp\/v2\/types\/post"}],"author":[{"embeddable":true,"href":"http:\/\/www.omniro.de\/Gipfelbuch\/blog-jr\/wp-json\/wp\/v2\/users\/1"}],"replies":[{"embeddable":true,"href":"http:\/\/www.omniro.de\/Gipfelbuch\/blog-jr\/wp-json\/wp\/v2\/comments?post=846"}],"version-history":[{"count":12,"href":"http:\/\/www.omniro.de\/Gipfelbuch\/blog-jr\/wp-json\/wp\/v2\/posts\/846\/revisions"}],"predecessor-version":[{"id":1010,"href":"http:\/\/www.omniro.de\/Gipfelbuch\/blog-jr\/wp-json\/wp\/v2\/posts\/846\/revisions\/1010"}],"wp:attachment":[{"href":"http:\/\/www.omniro.de\/Gipfelbuch\/blog-jr\/wp-json\/wp\/v2\/media?parent=846"}],"wp:term":[{"taxonomy":"category","embeddable":true,"href":"http:\/\/www.omniro.de\/Gipfelbuch\/blog-jr\/wp-json\/wp\/v2\/categories?post=846"},{"taxonomy":"post_tag","embeddable":true,"href":"http:\/\/www.omniro.de\/Gipfelbuch\/blog-jr\/wp-json\/wp\/v2\/tags?post=846"}],"curies":[{"name":"wp","href":"https:\/\/api.w.org\/{rel}","templated":true}]}}