{"id":912,"date":"2011-05-01T14:21:08","date_gmt":"2011-05-01T12:21:08","guid":{"rendered":"http:\/\/www.omniro.de\/Gipfelbuch\/blog-jr\/?p=912"},"modified":"2011-05-12T23:40:43","modified_gmt":"2011-05-12T21:40:43","slug":"schriesheim-4","status":"publish","type":"post","link":"http:\/\/www.omniro.de\/Gipfelbuch\/blog-jr\/2011\/05\/schriesheim-4\/","title":{"rendered":"Schriesheim"},"content":{"rendered":"<p>Schriesheim<\/p>\n<figure id=\"attachment_937\" aria-describedby=\"caption-attachment-937\" style=\"width: 359px\" class=\"wp-caption alignleft\"><a href=\"http:\/\/www.omniro.de\/Gipfelbuch\/blog-jr\/wp-content\/uploads\/2011\/05\/2011-05-01_15-55-01_Schriesheim_IMAG0276-600.jpg\"><img data-attachment-id=\"937\" data-permalink=\"http:\/\/www.omniro.de\/Gipfelbuch\/blog-jr\/2011\/05\/schriesheim-4\/2011-05-01_15-55-01_schriesheim_imag0276-600\/\" data-orig-file=\"http:\/\/www.omniro.de\/Gipfelbuch\/blog-jr\/wp-content\/uploads\/2011\/05\/2011-05-01_15-55-01_Schriesheim_IMAG0276-600.jpg\" data-orig-size=\"359,600\" data-comments-opened=\"1\" data-image-meta=\"{&quot;aperture&quot;:&quot;0&quot;,&quot;credit&quot;:&quot;J\\u00fcrgen Rode&quot;,&quot;camera&quot;:&quot;MDA_Compact_V&quot;,&quot;caption&quot;:&quot;&quot;,&quot;created_timestamp&quot;:&quot;1304265301&quot;,&quot;copyright&quot;:&quot;www.omniro.de&quot;,&quot;focal_length&quot;:&quot;0&quot;,&quot;iso&quot;:&quot;68&quot;,&quot;shutter_speed&quot;:&quot;0&quot;,&quot;title&quot;:&quot;&quot;}\" data-image-title=\"2011-05-01_15-55-01_Schriesheim_IMAG0276-600\" data-image-description=\"\" data-image-caption=\"&lt;p&gt;Andreas Frank Ged\u00e4chtnis Weg 6 &lt;\/p&gt;\n\" data-medium-file=\"http:\/\/www.omniro.de\/Gipfelbuch\/blog-jr\/wp-content\/uploads\/2011\/05\/2011-05-01_15-55-01_Schriesheim_IMAG0276-600-179x300.jpg\" data-large-file=\"http:\/\/www.omniro.de\/Gipfelbuch\/blog-jr\/wp-content\/uploads\/2011\/05\/2011-05-01_15-55-01_Schriesheim_IMAG0276-600.jpg\" decoding=\"async\" loading=\"lazy\" class=\"size-full wp-image-937\" title=\"2011-05-01_15-55-01_Schriesheim_IMAG0276-600\" src=\"http:\/\/www.omniro.de\/Gipfelbuch\/blog-jr\/wp-content\/uploads\/2011\/05\/2011-05-01_15-55-01_Schriesheim_IMAG0276-600.jpg\" alt=\"Andreas Frank Ged\u00e4chtnis Weg 6 \" width=\"359\" height=\"600\" srcset=\"http:\/\/www.omniro.de\/Gipfelbuch\/blog-jr\/wp-content\/uploads\/2011\/05\/2011-05-01_15-55-01_Schriesheim_IMAG0276-600.jpg 359w, http:\/\/www.omniro.de\/Gipfelbuch\/blog-jr\/wp-content\/uploads\/2011\/05\/2011-05-01_15-55-01_Schriesheim_IMAG0276-600-179x300.jpg 179w, http:\/\/www.omniro.de\/Gipfelbuch\/blog-jr\/wp-content\/uploads\/2011\/05\/2011-05-01_15-55-01_Schriesheim_IMAG0276-600-89x150.jpg 89w\" sizes=\"(max-width: 359px) 100vw, 359px\" \/><\/a><figcaption id=\"caption-attachment-937\" class=\"wp-caption-text\">Andreas Frank Ged\u00e4chtnis Weg 6 <\/figcaption><\/figure>\n<p>Fr\u00fch, sehr fr\u00fch machen wir uns nach Schriesheim auf. Es soll hei\u00df werden und Feiertag. Da ist bestimmt in Schriesheim die H\u00f6lle los.<br \/>\nUm 9 Uhr sind wir am Fels und die zweiten, die auf der dritten Ebene zum klettern gehen. Nach uns kommen einige \u00fcber den Zaun. Ich kann nicht verstehen, warum man sich nicht an die Zugangsregeln h\u00e4lt. Ich w\u00fcrde auch viel lieber \u00fcber den Zaun kommen, statt die doofen Klettersteige zu gehen. Klettersteige sind einfach nur bescheuert und noch dazu gef\u00e4hrlicher als jede Kletterroute.<\/p>\n<p>Im Sektor Schinderhannes gehen wir als erstes die Verschneidung. Wir sind hier schon einmal geklettert, aber richtig Spa\u00df macht die Route immer noch nicht. Nicht Fisch nicht Fleisch und die Exenhaken sind immer ein St\u00fcck zu weit weg, aber zu nah, um eine Selbstsicherung zu setzen.<\/p>\n<p>Wider Erwarten ist es kalt und der versprochene blaue Himmel fehlt g\u00e4nzlich.<\/p>\n<p>Die Ebene f\u00fcllt sich langsam, aber noch macht uns niemand die Route streitig. In der dritten Ebene sehe ich hingegen schon gut 20 Seilschaften.<br \/>\nSo gehen wir die Berg Heil 6-. Im unteren Bereich geht es hinter einem vorgstellten Felsbrocken nach oben, der erste Haken schon in ordentlicher H\u00f6he, dann umdrehen und an den Fels. Einfacher ist es, wenn man gleich au\u00dfen am Felsbrocken klettert.<\/p>\n<p>Der Anfang ist noch einfach, doch dann kommt ein Riss neben einer Kante. Den kann man aber nicht ziehen. Erst nachdem ich mit dem linken Bein \u00fcber die Kante steige, kann ich gen\u00fcgend Druck aufbauen um mich nach oben zu arbeiten. Den n\u00e4chsten Haken kann ich aber kaum erreichen. Weiter hoch greifen geht nicht, der Riss ist zuende, umgreifen geht auch nicht. Ich strecke und strecke mich und werfe quasi die Exe ein. Gesichert und gleich wohler gef\u00fchlt. Jetzt kann ich umgreifen und weiter geht es bis zu Trennung der Routen. Nach links geht es weiter die 6-, nach rechts eine 7+\/8-<\/p>\n<p>Die 6- reicht erst mal und erweist sich im oberen Teil auch als schwer genug. F\u00fcr eine 6- hat sich der Spa\u00df in Grenzen gehalten.<\/p>\n<p>Vielleicht in der 7- daneben? Die B\u00e4renkralle 7- verspricht dann schon mehr Spa\u00df. Kleine Griffe und noch kleinere Leisten zum stehen. Ab der H\u00e4lfte gibt es zwei nebeneinander laufende Spalten und man kann abwechselnd gut greifen. Zwar rutsche ich einmal ordentlich ab und schramme \u00fcber den Fels, aber das lag nicht an den Griffen. Die schmalen Leisten f\u00fcr die F\u00fc\u00dfe sind das Problem. Irgendwie kommt mir die Route leichter vor, als die Berg Heil 6-<\/p>\n<p>Wenn wir schon einmal hier sind, geht\u2019s gleich in die Villa Kunterbunt. Hier geht\u2019s dann wirklich kunterbunt zu. Im mittleren Teil nehme ich jede zweite Exe wieder heraus, damit das Seil eine gerade Linie findet. Im Zickzack geht es nach oben. Aber auch hier ist die 6- eher niedrig bewertet.<\/p>\n<p>Der Andreas Frank Ged\u00e4chtnis Weg 6 scheint uns dann eher schwerer. Exponiert und kerzengerade. Im oberen Teil glatt sieht die Route wirklich genial aus. Im unteren Bereich sitzt der Haken in 4 Meter H\u00f6he. \u00dcber rechts kommend hat man mit der rechten Hand nicht viel Halt um mit Links zu klippen. Drei Zentimeter fehlen mir. Ich w\u00fcrge die Exe rein und denke, dass kann ja heiter werden. Wider Erwartung wird es leichter. Zwar sind die Griffe nicht wirklich gro\u00df, aber bleibt man rechts, sieht aus wie eine Ger\u00f6llhalde, kann man links klippen und rechts gut greifen. Dann kommt der Zeitpunkt wo man nach der Exe nach links auf die glatte Wand mu\u00df, aber ein fetter Absatz erleichtert das Vorhaben. Von dort nach rechts zum rechten Riss, auch der l\u00e4sst sich gut greifen. Nun mu\u00df man sich entscheiden, ob man nur den rechten geht oder den linken mit benutzt. Ich trete in den linken Riss, halte mit links und setze in den rechte Riss, etwa in der Mitte einen fetten 10er Keil. Der n\u00e4chste Haken ist 4 Meter entfernt und der Keil gibt einfach ein gutes Gef\u00fchlt. Z\u00fcgig \u00fcber links nach oben gegriffen in den rechten Riss treten und \u00fcber die letzte Kante. Dort kann man stehen und ist im nu am Umlenker. Eine echt geniale Route! Die macht Spa\u00df und hat den Tag gerettet!<\/p>\n<p><a href=\"http:\/\/www.omniro.de\/Gipfelbuch\/blog-jr\/wp-content\/uploads\/2011\/05\/2011-05-01_15-55-41_Schriesheim_IMAG0277-600.jpg\"><img data-attachment-id=\"941\" data-permalink=\"http:\/\/www.omniro.de\/Gipfelbuch\/blog-jr\/2011\/05\/schriesheim-4\/2011-05-01_15-55-41_schriesheim_imag0277-600\/\" data-orig-file=\"http:\/\/www.omniro.de\/Gipfelbuch\/blog-jr\/wp-content\/uploads\/2011\/05\/2011-05-01_15-55-41_Schriesheim_IMAG0277-600.jpg\" data-orig-size=\"359,600\" data-comments-opened=\"1\" data-image-meta=\"{&quot;aperture&quot;:&quot;0&quot;,&quot;credit&quot;:&quot;J\\u00fcrgen Rode&quot;,&quot;camera&quot;:&quot;MDA_Compact_V&quot;,&quot;caption&quot;:&quot;&quot;,&quot;created_timestamp&quot;:&quot;1304265341&quot;,&quot;copyright&quot;:&quot;www.omniro.de&quot;,&quot;focal_length&quot;:&quot;0&quot;,&quot;iso&quot;:&quot;67&quot;,&quot;shutter_speed&quot;:&quot;0&quot;,&quot;title&quot;:&quot;&quot;}\" data-image-title=\"2011-05-01_15-55-41_Schriesheim_IMAG0277-600\" data-image-description=\"\" data-image-caption=\"\" data-medium-file=\"http:\/\/www.omniro.de\/Gipfelbuch\/blog-jr\/wp-content\/uploads\/2011\/05\/2011-05-01_15-55-41_Schriesheim_IMAG0277-600-179x300.jpg\" data-large-file=\"http:\/\/www.omniro.de\/Gipfelbuch\/blog-jr\/wp-content\/uploads\/2011\/05\/2011-05-01_15-55-41_Schriesheim_IMAG0277-600.jpg\" decoding=\"async\" loading=\"lazy\" class=\"alignright size-full wp-image-941\" title=\"2011-05-01_15-55-41_Schriesheim_IMAG0277-600\" src=\"http:\/\/www.omniro.de\/Gipfelbuch\/blog-jr\/wp-content\/uploads\/2011\/05\/2011-05-01_15-55-41_Schriesheim_IMAG0277-600.jpg\" alt=\"\" width=\"359\" height=\"600\" srcset=\"http:\/\/www.omniro.de\/Gipfelbuch\/blog-jr\/wp-content\/uploads\/2011\/05\/2011-05-01_15-55-41_Schriesheim_IMAG0277-600.jpg 359w, http:\/\/www.omniro.de\/Gipfelbuch\/blog-jr\/wp-content\/uploads\/2011\/05\/2011-05-01_15-55-41_Schriesheim_IMAG0277-600-179x300.jpg 179w, http:\/\/www.omniro.de\/Gipfelbuch\/blog-jr\/wp-content\/uploads\/2011\/05\/2011-05-01_15-55-41_Schriesheim_IMAG0277-600-89x150.jpg 89w\" sizes=\"(max-width: 359px) 100vw, 359px\" \/><\/a>M\u00fcde wollen wir noch eine leichte Route machen und suchen \u2013 wieder mal \u2013 die einzige 4 in diesem Sektor: Die Genu\u00dfverschneidung. Und finden sie wieder nicht. Egal, denke ich, irgendwie muss es hier hoch gehen und klettere munter an einer Reihe Haken die Wand hoch. Ziemlich tricky und nur kleinste Leisten. Die Finger petzen und Krallen, ich komme zur dritten Exe, und es geht nur noch 2 Meter weiter rechts weiter. Oder soll man ab hier selbst sichern? Rechts zu einem Riss, der genial aussieht und mit v\u00f6llige rechteckigen Felsbrocken gef\u00fcllt ist. Wieder tricky, aber es geht nach oben. Im Buch schlage ich dann die Route nach: Es war die Schneeflocke 6 (ist im unteren Bereich mal ein Teil der Wand weggebrochen?) und der Anfang dazu war das Fingertraining 6 \u2013 wie passend \ud83d\ude42<\/p>\n<p>Jetzt kommt das einzig bl\u00f6de an Schriesheim: Man muss die Klettersteige auch wieder hinunter. Dazu habe ich keinen Bock \u2013 ich seile lieber ab und umgehe so die Staus an den Steigen.<\/p>\n","protected":false},"excerpt":{"rendered":"<p>Schriesheim Fr\u00fch, sehr fr\u00fch machen wir uns nach Schriesheim auf. Es soll hei\u00df werden und Feiertag. Da ist bestimmt in Schriesheim die H\u00f6lle los. Um 9 Uhr sind wir am Fels und die zweiten, die auf der dritten Ebene zum klettern gehen. Nach uns kommen einige \u00fcber den Zaun. Ich kann nicht verstehen, warum man [&hellip;]<\/p>\n","protected":false},"author":1,"featured_media":0,"comment_status":"open","ping_status":"open","sticky":false,"template":"","format":"standard","meta":{"ngg_post_thumbnail":0,"jetpack_post_was_ever_published":false,"_jetpack_newsletter_access":"","jetpack_publicize_message":"","jetpack_is_tweetstorm":false,"jetpack_publicize_feature_enabled":true,"jetpack_social_post_already_shared":false,"jetpack_social_options":{"image_generator_settings":{"template":"highway","enabled":false}}},"categories":[33,32,41,31,193,191,190,194,56,18,195,6,166,192],"tags":[],"jetpack_publicize_connections":[],"jetpack_featured_media_url":"","jetpack_sharing_enabled":true,"jetpack_shortlink":"https:\/\/wp.me\/p34XEX-eI","_links":{"self":[{"href":"http:\/\/www.omniro.de\/Gipfelbuch\/blog-jr\/wp-json\/wp\/v2\/posts\/912"}],"collection":[{"href":"http:\/\/www.omniro.de\/Gipfelbuch\/blog-jr\/wp-json\/wp\/v2\/posts"}],"about":[{"href":"http:\/\/www.omniro.de\/Gipfelbuch\/blog-jr\/wp-json\/wp\/v2\/types\/post"}],"author":[{"embeddable":true,"href":"http:\/\/www.omniro.de\/Gipfelbuch\/blog-jr\/wp-json\/wp\/v2\/users\/1"}],"replies":[{"embeddable":true,"href":"http:\/\/www.omniro.de\/Gipfelbuch\/blog-jr\/wp-json\/wp\/v2\/comments?post=912"}],"version-history":[{"count":7,"href":"http:\/\/www.omniro.de\/Gipfelbuch\/blog-jr\/wp-json\/wp\/v2\/posts\/912\/revisions"}],"predecessor-version":[{"id":914,"href":"http:\/\/www.omniro.de\/Gipfelbuch\/blog-jr\/wp-json\/wp\/v2\/posts\/912\/revisions\/914"}],"wp:attachment":[{"href":"http:\/\/www.omniro.de\/Gipfelbuch\/blog-jr\/wp-json\/wp\/v2\/media?parent=912"}],"wp:term":[{"taxonomy":"category","embeddable":true,"href":"http:\/\/www.omniro.de\/Gipfelbuch\/blog-jr\/wp-json\/wp\/v2\/categories?post=912"},{"taxonomy":"post_tag","embeddable":true,"href":"http:\/\/www.omniro.de\/Gipfelbuch\/blog-jr\/wp-json\/wp\/v2\/tags?post=912"}],"curies":[{"name":"wp","href":"https:\/\/api.w.org\/{rel}","templated":true}]}}